{"id":132774,"date":"2024-03-14T14:10:05","date_gmt":"2024-03-14T17:10:05","guid":{"rendered":"https:\/\/corrientesdetarde.com\/?p=132774"},"modified":"2024-03-14T14:10:08","modified_gmt":"2024-03-14T17:10:08","slug":"en-caa-cati-valdes-entrego-10-viviendas-y-habilito-un-destacamento-de-la-priar","status":"publish","type":"post","link":"https:\/\/corrientesdetarde.com\/index.php\/locales\/en-caa-cati-valdes-entrego-10-viviendas-y-habilito-un-destacamento-de-la-priar\/","title":{"rendered":"En Ca\u00e1 Cat\u00ed, Vald\u00e9s entreg\u00f3 10 viviendas y habilit\u00f3 un destacamento de la PRIAR"},"content":{"rendered":"\n<p>El gobernador Gustavo Vald\u00e9s junto al intendente de Ca\u00e1 Cat\u00ed, Jorge Meza&nbsp;entreg\u00f3&nbsp;este jueves 10 viviendas en la comuna, con el compromiso de ejecutar 50 m\u00f3dulos habitacionales m\u00e1s. Adem\u00e1s, rubric\u00f3 junto al jefe comunal la ejecuci\u00f3n de otra decena de hogares. Posteriormente, dej\u00f3 inaugurado un nuevo destacamento de la&nbsp;PRIAR, apostando a la prevenci\u00f3n y seguridad de los vecinos.<\/p>\n\n\n\n<p>Al iniciar la jornada, el titular del Ejecutivo encabez\u00f3 la entrega de las mencionadas unidades, que forman parte del programa \u201cO\u00f1ondiv\u00e9\u201d, a trav\u00e9s del INVICO, en el barrio Mar\u00eda Auxiliadora local.<\/p>\n\n\n\n<p>Las mismas se realizan en coordinaci\u00f3n con los municipios, quienes aportan los terrenos y aseguran la provisi\u00f3n de mano de obra. Asimismo, desde Desarrollo Social se provee del amueblamiento de cada espacio.<\/p>\n\n\n\n<p>\u201cEsto consiste en conjugar esfuerzos entre el Gobierno y los municipios\u201d, por lo que \u201choy, diez familias mejorar\u00e1n su calidad de vida gracias a esta iniciativa que se financia 100% con fondos provinciales\u201d, destac\u00f3 el interventor del INVICO, Lizardo Gonz\u00e1lez, al respecto.<\/p>\n\n\n\n<p><strong>Convenio<\/strong><\/p>\n\n\n\n<p>Durante el acto de entrega, el gobernador, adem\u00e1s, firm\u00f3 junto a Meza y el interventor un acuerdo para la ejecuci\u00f3n de 10 viviendas m\u00e1s del mismo plan, y luego anunci\u00f3 la construcci\u00f3n de otras 20 casas, en esta l\u00ednea. Asimismo, tambi\u00e9n adelant\u00f3 la ejecuci\u00f3n de 30 hogares m\u00e1s de demanda libre.<\/p>\n\n\n\n<p><strong>Gobernador Vald\u00e9s<\/strong><\/p>\n\n\n\n<p>\u201cEste programa se basa en los fondos que invierte la Provincia y en el recupero de la gente que paga su vivienda al Invico. Tenemos para darles los materiales y la direcci\u00f3n t\u00e9cnica de la obra y podemos hacer las viviendas con los intendentes, con sus empleados municipales que trabajan de sol a sol\u201d, manifest\u00f3 a modo de introducci\u00f3n el gobernador Gustavo Vald\u00e9s, para luego destacar que junto al intendente de Colonia Pando, Dar\u00edo Romero, \u201chicimos 500 viviendas y desapareci\u00f3 el d\u00e9ficit habitacional de la localidad\u201d<\/p>\n\n\n\n<p>\u201cAc\u00e1 podemos hacer lo mismo, con fuerza, mirando cuanto podemos construir, cuantos concejales y funcionarios municipales vienen y acompa\u00f1an este proceso, que los vecinos se sumen, colaboren y trabajen\u201d, agreg\u00f3 el gobernador, mencionando que con la comuna de Ca\u00e1 Cat\u00ed \u201cfirmamos un Convenio para construir 10 viviendas para m\u00e1s familias&nbsp; de la localidad\u201d, se\u00f1alando que si las mismas est\u00e1n terminadas antes de fin de a\u00f1o, \u201cvamos a vamos a suscribir otro Convenio para construir 20 m\u00e1s\u201d.<\/p>\n\n\n\n<p>Para Vald\u00e9s, los \u201crecursos est\u00e1n y necesitamos mano de obra\u201d, enfatizando que a los \u201ccorrentinos nunca nadie nos regala nada, as\u00ed que pongamos fuerza y voluntad para resolverle el problema de la vivienda el pr\u00f3jimo. Es un acto de amor, trabajar para que una familia pueda tener su vivienda y que sientan hoy est\u00e1 felicidad\u201d.<\/p>\n\n\n\n<p>Tras comentar que en Ca\u00e1 Cat\u00ed hay aproximadamente 290 familias inscriptas aguardando por sus viviendas, Vald\u00e9s anunci\u00f3 que con fondos de la provincia, se van a construir en la localidad otras 30 unidades habitacionales de demanda libre, a trav\u00e9s del Invico\u201d.<\/p>\n\n\n\n<p>Seguidamente, el titular del ejecutivo provincial ponder\u00f3 que Ca\u00e1 Cat\u00ed es una localidad que crece y se desarrolla, est\u00e1 iluminada y limpia, con un buen acceso y resalt\u00f3 que gracias al trabajo de sus empleados municipales, \u201cpudimos resolver las demandas de la gente\u201d.<\/p>\n\n\n\n<p>Concluyendo, Vald\u00e9s asever\u00f3 que a las familias adjudicatarias les queda por delante el desaf\u00edo de construir un hogar con salud y educaci\u00f3n para sus hijos, apostando siempre a la cultura del trabajo.<\/p>\n\n\n\n<p><strong>Intendente Meza<\/strong><\/p>\n\n\n\n<p>En la entrega de viviendas, el intendente Jorge Meza, indic\u00f3 que \u201cmediante la decisi\u00f3n del Gobernador tuve el privilegio de trabajar en forma conjunta con \u00e9l desde el d\u00eda cero, y pudimos emprender este proyecto netamente provincial con colaboraci\u00f3n municipal\u201d.<\/p>\n\n\n\n<p>Adem\u00e1s, dio cuenta que este proyecto se logr\u00f3 con el aporte del Gobierno provincial, el asesoramiento t\u00e9cnico del INVICO, y con los muebles aportados por Desarrollo Social para las viviendas, m\u00e1s all\u00e1 del aporte comunal.<\/p>\n\n\n\n<p>Por \u00faltimo, el jefe comunal agradeci\u00f3 al Gobernador por las unidades entregadas y el aporte de 60 viviendas m\u00e1s, y resalt\u00f3 que las casas fueron entregadas a \u201clas cabezas de familia, que son mujeres -algunas emprendedoras- y madres con hijos discapacitados\u201d.<\/p>\n\n\n\n<p><strong>APERTURA DE UN NUEVO DESTACAMENTO DE LA PRIAR<\/strong><\/p>\n\n\n\n<p>Continuando con su agenda, el mandatario provincial habilit\u00f3 un nuevo destacamento de la Polic\u00eda Rural e Islas y Ambiente Rural en la comuna; edificio ejecutado en un terreno que fue entregado en comodato por la Sociedad Rural de General Paz.<\/p>\n\n\n\n<p>El acto de inauguraci\u00f3n dio inicio con la entonaci\u00f3n del Himno nacional argentino, ejecutado por la Banda de la Polic\u00eda de Corrientes, y en la oportunidad, se entregaron una camioneta Ford Ranger y una moto de 100cc., para el patrullaje de los efectivos de la flamante unidad.<\/p>\n\n\n\n<p><strong>Gobernador Vald\u00e9s<\/strong><\/p>\n\n\n\n<p>Al tomar la palabra, el gobernador Gustavo Vald\u00e9s en primer lugar agradeci\u00f3 a la Sociedad Rural de General Paz por ceder el espacio destinado al PRIAR, resaltando que la producci\u00f3n es un factor fundamental para el crecimiento de la provincia.<\/p>\n\n\n\n<p>&nbsp;\u201cEstamos pasando por momentos dif\u00edciles, pero estamos transitando por un sinceramiento de la econom\u00eda, estamos pagando por el precio exactamente lo que vale el esfuerzo de cada trabajador de campo, de cada productor que trabaja para tener un producto que es de valor mundial\u201d, expres\u00f3 Vald\u00e9s, destacando que Corrientes es el primer productor de b\u00fafalos del pa\u00eds, en donde el departamento de General Paz es epicentro de la cr\u00eda. \u201cPor eso, de parte del estado vamos a acompa\u00f1ar el esfuerzo de cada productor y que mejor haciendo que su campo est\u00e9 seguro\u201d, a\u00f1adi\u00f3.<\/p>\n\n\n\n<p>Vald\u00e9s breg\u00f3 por un PRIAR que ofrezca la mejor seguridad p\u00fablica, con la misi\u00f3n primordial de patrullar y recorrer los campos y aclar\u00f3: Adem\u00e1s de la labor policial, les pedimos a los productores tambi\u00e9n inviertan en seguridad con los elementos modernos que la tecnolog\u00eda lo permite, como por ejemplo con c\u00e1maras de seguridad, alambrados en condiciones y otros\u201d, teniendo en cuenta que la \u201cseguridad p\u00fablica en el campo la hacemos entre todos\u201d.<\/p>\n\n\n\n<p>En otro p\u00e1rrafo de sus conceptos, Vald\u00e9s se\u00f1al\u00f3 que el Banco de Corrientes inyecta cr\u00e9ditos para que los productores puedan tener una mejor gen\u00e9tica en el ganador y pidi\u00f3 a los mismos a que se animen a industrializar y agregar valor a los productos primarios para poder crecer.<\/p>\n\n\n\n<p>Para finalizar, el gobernador anunci\u00f3 que, con una fuerte inversi\u00f3n en material de seguridad, el lunes se incorporar\u00e1 una flota de 100 nuevos veh\u00edculos 4&#215;4 0 km, destinados a los PRIAR de la provincia, uno de los cuales ir\u00e1 para Ca\u00e1 Cat\u00ed, a fin de reforzar al ya existente.<\/p>\n\n\n\n<p><strong>Intendente Meza<\/strong><\/p>\n\n\n\n<p>Al dirigirse a los presentes, el intendente Jorge Meza agradeci\u00f3 a Gustavo Vald\u00e9s por la gesti\u00f3n, y consider\u00f3, en este marco, \u201cque&nbsp; la seguridad la hacemos entre todos, y ah\u00ed estuvo la decisi\u00f3n del Gobernador, para que&nbsp;ac\u00e1 funcione una unidad especial del PRIAR tan necesaria por la actividad ganadera\u201d.<\/p>\n\n\n\n<p>\u201cEsta es una oportunidad tambi\u00e9n para que este destacamento colabore con la Comisar\u00eda departamental\u201d, puntualiz\u00f3 Meza y a\u00f1adi\u00f3 que \u201cla polic\u00eda es una sola, y se divide por una raz\u00f3n de funcionalidad y resultados\u201d.<\/p>\n\n\n\n<p><strong>Buenaventura y Molina<\/strong><\/p>\n\n\n\n<p>El ministro de Seguridad, Buenaventura Duarte manifest\u00f3 que en este tipo de inauguraciones se deja ver que \u201ccon un presupuesto ordenado se pueden realizar obras incluso en tiempos dif\u00edciles\u201d.<\/p>\n\n\n\n<p>Por lo anterior, le pidi\u00f3 al personal que prestar\u00e1 servicios en el destacamento que lo cuiden, porque \u201cla Provincia hizo un esfuerzo para que est\u00e9n en un lugar digno y agradable para la atenci\u00f3n\u201d. Los inst\u00f3 a recorrer y vigilar la Ruta Provincial 13, que conecta con Palmar Grande y Mburucuy\u00e1, siendo un camino estrat\u00e9gico para el traslado de ganado.<\/p>\n\n\n\n<p>En la misma l\u00ednea, el jefe de la Polic\u00eda, Arnaldo Molina les dijo a los comisarios \u201cque salgan, hablen con los vecinos para conocer sus necesidades\u201d. A la vez, que los vecinos se acerquen y conf\u00eden \u201cen una instituci\u00f3n de trayectoria\u201d.<\/p>\n\n\n\n<p>\u201cLa seguridad es algo transversal a todas las instituciones de base y a los principios constitucionales, y la Polic\u00eda debe bregar por la seguridad p\u00fablica, defender los derechos y la libertad de cada uno de los ciudadanos, porque la seguridad la hacemos entre todos los correntinos y juntos\u201d, cerr\u00f3.<\/p>\n\n\n\n<p><strong>Presencias<\/strong><\/p>\n\n\n\n<p>Acompa\u00f1aron a las autoridades mencionadas los ministros de: Desarrollo Social, Ad\u00e1n Gaya; y de Producci\u00f3n, Claudio Anselmo; legisladores, secretarios y subsecretarios de la Provincia; intendentes de localidades vecinas; y dem\u00e1s autoridades.<\/p>\n\n\n\n<figure class=\"wp-block-image size-large\"><img loading=\"lazy\" decoding=\"async\" width=\"1024\" height=\"682\" src=\"https:\/\/corrientesdetarde.com\/wp-content\/uploads\/2024\/03\/38fc0665-ff5b-4fc3-90f9-12d442065e3b-1024x682.jpg\" alt=\"\" class=\"wp-image-132779\" srcset=\"https:\/\/corrientesdetarde.com\/wp-content\/uploads\/2024\/03\/38fc0665-ff5b-4fc3-90f9-12d442065e3b-1024x682.jpg 1024w, https:\/\/corrientesdetarde.com\/wp-content\/uploads\/2024\/03\/38fc0665-ff5b-4fc3-90f9-12d442065e3b-300x200.jpg 300w, https:\/\/corrientesdetarde.com\/wp-content\/uploads\/2024\/03\/38fc0665-ff5b-4fc3-90f9-12d442065e3b-768x512.jpg 768w, https:\/\/corrientesdetarde.com\/wp-content\/uploads\/2024\/03\/38fc0665-ff5b-4fc3-90f9-12d442065e3b.jpg 1343w\" sizes=\"auto, (max-width: 1024px) 100vw, 1024px\" \/><\/figure>\n\n\n\n<figure class=\"wp-block-image size-large\"><img loading=\"lazy\" decoding=\"async\" width=\"1024\" height=\"683\" src=\"https:\/\/corrientesdetarde.com\/wp-content\/uploads\/2024\/03\/dc1280ad-8c1c-422a-bc6a-aac8c7831fcb-1024x683.jpg\" alt=\"\" class=\"wp-image-132777\" srcset=\"https:\/\/corrientesdetarde.com\/wp-content\/uploads\/2024\/03\/dc1280ad-8c1c-422a-bc6a-aac8c7831fcb-1024x683.jpg 1024w, https:\/\/corrientesdetarde.com\/wp-content\/uploads\/2024\/03\/dc1280ad-8c1c-422a-bc6a-aac8c7831fcb-300x200.jpg 300w, https:\/\/corrientesdetarde.com\/wp-content\/uploads\/2024\/03\/dc1280ad-8c1c-422a-bc6a-aac8c7831fcb-768x512.jpg 768w, https:\/\/corrientesdetarde.com\/wp-content\/uploads\/2024\/03\/dc1280ad-8c1c-422a-bc6a-aac8c7831fcb-1536x1024.jpg 1536w, https:\/\/corrientesdetarde.com\/wp-content\/uploads\/2024\/03\/dc1280ad-8c1c-422a-bc6a-aac8c7831fcb.jpg 1546w\" sizes=\"auto, (max-width: 1024px) 100vw, 1024px\" \/><\/figure>\n\n\n\n<figure class=\"wp-block-image size-large\"><img loading=\"lazy\" decoding=\"async\" width=\"1024\" height=\"683\" src=\"https:\/\/corrientesdetarde.com\/wp-content\/uploads\/2024\/03\/3f6161f7-1e0d-4a5e-9df7-a325c51c30e0-1024x683.jpg\" alt=\"\" class=\"wp-image-132778\" srcset=\"https:\/\/corrientesdetarde.com\/wp-content\/uploads\/2024\/03\/3f6161f7-1e0d-4a5e-9df7-a325c51c30e0-1024x683.jpg 1024w, https:\/\/corrientesdetarde.com\/wp-content\/uploads\/2024\/03\/3f6161f7-1e0d-4a5e-9df7-a325c51c30e0-300x200.jpg 300w, https:\/\/corrientesdetarde.com\/wp-content\/uploads\/2024\/03\/3f6161f7-1e0d-4a5e-9df7-a325c51c30e0-768x512.jpg 768w, https:\/\/corrientesdetarde.com\/wp-content\/uploads\/2024\/03\/3f6161f7-1e0d-4a5e-9df7-a325c51c30e0-1536x1024.jpg 1536w, https:\/\/corrientesdetarde.com\/wp-content\/uploads\/2024\/03\/3f6161f7-1e0d-4a5e-9df7-a325c51c30e0.jpg 1599w\" sizes=\"auto, (max-width: 1024px) 100vw, 1024px\" \/><\/figure>\n\n\n\n<figure class=\"wp-block-image size-large\"><img loading=\"lazy\" decoding=\"async\" width=\"1024\" height=\"683\" src=\"https:\/\/corrientesdetarde.com\/wp-content\/uploads\/2024\/03\/215d08fb-e66c-47f8-9f40-11f1c2cbfb80-1024x683.jpg\" alt=\"\" class=\"wp-image-132780\" srcset=\"https:\/\/corrientesdetarde.com\/wp-content\/uploads\/2024\/03\/215d08fb-e66c-47f8-9f40-11f1c2cbfb80-1024x683.jpg 1024w, https:\/\/corrientesdetarde.com\/wp-content\/uploads\/2024\/03\/215d08fb-e66c-47f8-9f40-11f1c2cbfb80-300x200.jpg 300w, https:\/\/corrientesdetarde.com\/wp-content\/uploads\/2024\/03\/215d08fb-e66c-47f8-9f40-11f1c2cbfb80-768x512.jpg 768w, https:\/\/corrientesdetarde.com\/wp-content\/uploads\/2024\/03\/215d08fb-e66c-47f8-9f40-11f1c2cbfb80-1536x1024.jpg 1536w, https:\/\/corrientesdetarde.com\/wp-content\/uploads\/2024\/03\/215d08fb-e66c-47f8-9f40-11f1c2cbfb80.jpg 1599w\" sizes=\"auto, (max-width: 1024px) 100vw, 1024px\" \/><\/figure>\n\n\n\n<figure class=\"wp-block-image size-full\"><img loading=\"lazy\" decoding=\"async\" width=\"981\" height=\"652\" src=\"https:\/\/corrientesdetarde.com\/wp-content\/uploads\/2024\/03\/a7649794-6ab9-4d88-8d68-ac5be8c7a796.jpg\" alt=\"\" class=\"wp-image-132775\" srcset=\"https:\/\/corrientesdetarde.com\/wp-content\/uploads\/2024\/03\/a7649794-6ab9-4d88-8d68-ac5be8c7a796.jpg 981w, https:\/\/corrientesdetarde.com\/wp-content\/uploads\/2024\/03\/a7649794-6ab9-4d88-8d68-ac5be8c7a796-300x199.jpg 300w, https:\/\/corrientesdetarde.com\/wp-content\/uploads\/2024\/03\/a7649794-6ab9-4d88-8d68-ac5be8c7a796-768x510.jpg 768w\" sizes=\"auto, (max-width: 981px) 100vw, 981px\" \/><\/figure>\n","protected":false},"excerpt":{"rendered":"<p>El gobernador Gustavo Vald\u00e9s junto al intendente de Ca\u00e1 Cat\u00ed, Jorge Meza&nbsp;entreg\u00f3&nbsp;este jueves 10 viviendas en la comuna, con el compromiso de ejecutar 50 m\u00f3dulos habitacionales m\u00e1s. Adem\u00e1s, rubric\u00f3 junto&hellip; <\/p>\n","protected":false},"author":8,"featured_media":132776,"comment_status":"closed","ping_status":"open","sticky":false,"template":"","format":"standard","meta":{"footnotes":""},"categories":[8],"tags":[],"class_list":["post-132774","post","type-post","status-publish","format-standard","has-post-thumbnail","hentry","category-locales"],"_links":{"self":[{"href":"https:\/\/corrientesdetarde.com\/index.php\/wp-json\/wp\/v2\/posts\/132774","targetHints":{"allow":["GET"]}}],"collection":[{"href":"https:\/\/corrientesdetarde.com\/index.php\/wp-json\/wp\/v2\/posts"}],"about":[{"href":"https:\/\/corrientesdetarde.com\/index.php\/wp-json\/wp\/v2\/types\/post"}],"author":[{"embeddable":true,"href":"https:\/\/corrientesdetarde.com\/index.php\/wp-json\/wp\/v2\/users\/8"}],"replies":[{"embeddable":true,"href":"https:\/\/corrientesdetarde.com\/index.php\/wp-json\/wp\/v2\/comments?post=132774"}],"version-history":[{"count":1,"href":"https:\/\/corrientesdetarde.com\/index.php\/wp-json\/wp\/v2\/posts\/132774\/revisions"}],"predecessor-version":[{"id":132781,"href":"https:\/\/corrientesdetarde.com\/index.php\/wp-json\/wp\/v2\/posts\/132774\/revisions\/132781"}],"wp:featuredmedia":[{"embeddable":true,"href":"https:\/\/corrientesdetarde.com\/index.php\/wp-json\/wp\/v2\/media\/132776"}],"wp:attachment":[{"href":"https:\/\/corrientesdetarde.com\/index.php\/wp-json\/wp\/v2\/media?parent=132774"}],"wp:term":[{"taxonomy":"category","embeddable":true,"href":"https:\/\/corrientesdetarde.com\/index.php\/wp-json\/wp\/v2\/categories?post=132774"},{"taxonomy":"post_tag","embeddable":true,"href":"https:\/\/corrientesdetarde.com\/index.php\/wp-json\/wp\/v2\/tags?post=132774"}],"curies":[{"name":"wp","href":"https:\/\/api.w.org\/{rel}","templated":true}]}}