{"id":132786,"date":"2024-03-14T15:09:26","date_gmt":"2024-03-14T18:09:26","guid":{"rendered":"https:\/\/corrientesdetarde.com\/?p=132786"},"modified":"2024-03-14T15:09:38","modified_gmt":"2024-03-14T18:09:38","slug":"tres-vagabundos-fueron-acusados-de-robar-y-defecar-en-una-parroquia","status":"publish","type":"post","link":"https:\/\/corrientesdetarde.com\/index.php\/policiales\/tres-vagabundos-fueron-acusados-de-robar-y-defecar-en-una-parroquia\/","title":{"rendered":"tres vagabundos fueron acusados de robar y defecar en una parroquia"},"content":{"rendered":"\n<p>Hab\u00edan destrozado parte de los elementos religiosos hechos de bronce para venderlos por partes en una &#8220;chacarita&#8221;. Los tres tienen antecedentes por robos y hurtos y ya hab\u00edan sido vistos merodeando la iglesia otras veces.<\/p>\n\n\n\n<p>La Polic\u00eda de Corrientes logr\u00f3 capturar en la ma\u00f1ana de ayer a tres delincuentes, todos con prontuarios delictivos, vinculados al robo y vandalismo realizado el lunes por la tarde en la parroquia Santa Luc\u00eda del barrio San Marcelo. Encontraron destrozados parte de los elementos utilizados para el ritual de la Santa Comuni\u00f3n, y listos para vender como un objeto com\u00fan. Dentro de la habitaci\u00f3n donde viv\u00edan, se toparon con centenares de bolsas acumuladas con basura y objetos de dudosa procedencia.<\/p>\n\n\n\n<p>Fue cerca de las 10 de la ma\u00f1ana, cuando personal del GRIM 2 logr\u00f3 identificar una posible ubicaci\u00f3n de los elementos denunciados como robados por el p\u00e1rroco de la iglesia ubicada en la intersecci\u00f3n de las calles Los Laureles y Renacimiento. La pesquisa llev\u00f3 a los polic\u00edas a demorar a uno de los sospechosos identificado como G. I. Caballero, en la zona de pasillos de un asentamiento situado por pasaje A\u00f1asco, a metros de la avenida Cartagena en el barrio 9 de Julio.<\/p>\n\n\n<div class=\"wp-block-image\">\n<figure class=\"aligncenter\"><img decoding=\"async\" src=\"https:\/\/www.diarioepoca.com\/content\/bucket\/7\/1352657w380h436c.jpg.webp\" alt=\"\"\/><\/figure>\n<\/div>\n\n\n<p>Posteriormente, se uni\u00f3 personal de la Unidad Especial Antiarrebatos a brindar apoyo. Lograron demorar a otros dos c\u00f3mplices de apellido Vallejos, quienes se encontraban promoviendo disturbios en la v\u00eda p\u00fablica, uno de ellos portando un cuchillo. Los tres, de 22, 23 y 30 a\u00f1os, poseen antecedentes por robos y hurtos y seg\u00fan vecinos de la zona est\u00e1n robando todo lo que pueden. En el barrio los conocen como &#8220;Fideo&#8221;, &#8220;Martincito&#8221; y &#8220;Homo Sapiens&#8221; y en su poder se hall\u00f3 completamente desmantelada la Custodia y los pies del c\u00e1liz robados el lunes de la parroquia. Se desconoce a\u00fan el destino de los copones y los micr\u00f3fonos.<\/p>\n\n\n<div class=\"wp-block-image\">\n<figure class=\"aligncenter is-resized\"><img decoding=\"async\" src=\"https:\/\/www.diarioepoca.com\/content\/bucket\/6\/1352636w380h231c.jpg.webp\" alt=\"\" style=\"width:776px;height:auto\"\/><figcaption class=\"wp-element-caption\">GUARDABAN DECENAS DE BOLSAS CON LATA, BASURA Y OTROS OBJETOS EN UN DEP\u00d3SITO.<\/figcaption><\/figure>\n<\/div>\n\n\n<p>Si bien recuperaron algunos de los elementos denunciados como robados, seguramente los tres detenidos no deben tener idea del valor espiritual que estos representan para la grey cat\u00f3lica, que sin dudas es much\u00edsimo mayor a lo que pudieron haber sacado en dinero por la venta del bronce en el que fueron forjados.<\/p>\n\n\n\n<p>Seg\u00fan indicaron allegados a la parroquia violentada y vandalizada, muchos de los vecinos ya los habr\u00edan visto merodeando en los alrededores de la iglesia, por lo que no se descarta que hayan tenido relaci\u00f3n con los otros dos robos ocurridos en febrero y la semana pasada dentro de la misma parroquia y la casa del sacerdote de donde llevaron dinero y un tubo de gas.<\/p>\n\n\n\n<p>Los tres detenidos, al igual que los elementos recuperados en una especie de dep\u00f3sito que ten\u00edan los sujetos, fueron trasladados a la Comisar\u00eda Octava donde quedaron a disposici\u00f3n de la Justicia.<\/p>\n","protected":false},"excerpt":{"rendered":"<p>Hab\u00edan destrozado parte de los elementos religiosos hechos de bronce para venderlos por partes en una &#8220;chacarita&#8221;. Los tres tienen antecedentes por robos y hurtos y ya hab\u00edan sido vistos&hellip; <\/p>\n","protected":false},"author":1,"featured_media":132802,"comment_status":"closed","ping_status":"open","sticky":false,"template":"","format":"standard","meta":{"footnotes":""},"categories":[33],"tags":[],"class_list":["post-132786","post","type-post","status-publish","format-standard","has-post-thumbnail","hentry","category-policiales"],"_links":{"self":[{"href":"https:\/\/corrientesdetarde.com\/index.php\/wp-json\/wp\/v2\/posts\/132786","targetHints":{"allow":["GET"]}}],"collection":[{"href":"https:\/\/corrientesdetarde.com\/index.php\/wp-json\/wp\/v2\/posts"}],"about":[{"href":"https:\/\/corrientesdetarde.com\/index.php\/wp-json\/wp\/v2\/types\/post"}],"author":[{"embeddable":true,"href":"https:\/\/corrientesdetarde.com\/index.php\/wp-json\/wp\/v2\/users\/1"}],"replies":[{"embeddable":true,"href":"https:\/\/corrientesdetarde.com\/index.php\/wp-json\/wp\/v2\/comments?post=132786"}],"version-history":[{"count":1,"href":"https:\/\/corrientesdetarde.com\/index.php\/wp-json\/wp\/v2\/posts\/132786\/revisions"}],"predecessor-version":[{"id":132803,"href":"https:\/\/corrientesdetarde.com\/index.php\/wp-json\/wp\/v2\/posts\/132786\/revisions\/132803"}],"wp:featuredmedia":[{"embeddable":true,"href":"https:\/\/corrientesdetarde.com\/index.php\/wp-json\/wp\/v2\/media\/132802"}],"wp:attachment":[{"href":"https:\/\/corrientesdetarde.com\/index.php\/wp-json\/wp\/v2\/media?parent=132786"}],"wp:term":[{"taxonomy":"category","embeddable":true,"href":"https:\/\/corrientesdetarde.com\/index.php\/wp-json\/wp\/v2\/categories?post=132786"},{"taxonomy":"post_tag","embeddable":true,"href":"https:\/\/corrientesdetarde.com\/index.php\/wp-json\/wp\/v2\/tags?post=132786"}],"curies":[{"name":"wp","href":"https:\/\/api.w.org\/{rel}","templated":true}]}}