{"id":132787,"date":"2024-03-14T15:05:41","date_gmt":"2024-03-14T18:05:41","guid":{"rendered":"https:\/\/corrientesdetarde.com\/?p=132787"},"modified":"2024-03-14T15:05:53","modified_gmt":"2024-03-14T18:05:53","slug":"juzgan-a-un-hombre-por-entregar-a-su-hija-de-9-anos-para-ser-abusada-por-su-primo","status":"publish","type":"post","link":"https:\/\/corrientesdetarde.com\/index.php\/crimen-y-justicia\/juzgan-a-un-hombre-por-entregar-a-su-hija-de-9-anos-para-ser-abusada-por-su-primo\/","title":{"rendered":"Juzgan a un hombre por entregar a su hija de 9 a\u00f1os para ser abusada por su primo"},"content":{"rendered":"\n<p>Comenz\u00f3 el juicio a un hombre acusado de entregar a su hija de 9 a\u00f1os para que sea abusada sexualmente por su primo, en un hecho ocurrido en la localidad de Bella Vista.<\/p>\n\n\n\n<p>Julio C\u00e9sar Rol\u00f3n est\u00e1 acusado del delito de corrupci\u00f3n de menores y abuso sexual con acceso carnal en localidad de part\u00edcipe primario.<\/p>\n\n\n\n<p>En tanto que Sandro Adolfo S\u00e1nchez est\u00e1 acusado tambi\u00e9n del delito de abuso sexual con acceso carnal en calidad de autor y corrupci\u00f3n de menores.<\/p>\n\n\n\n<p>El hecho fue denunciado en agosto del 2020 por la abuela de la v\u00edctima luego de que la peque\u00f1a le contara la pesadilla que viv\u00eda desde hace mas de un a\u00f1o.<\/p>\n\n\n\n<p>La declaraci\u00f3n de la menor en C\u00e1mara Gesell fue contundente y determinante para llevar a juicio a su padre y al familiar.<\/p>\n\n\n\n<p>La madre que es discapacitada no pudo advertir lo que ocurr\u00eda en su vivienda ubicada en el Paraje Lomas Sur de la ciudad de Bella Vista. Fuentes judiciales informaron que de acuerdo al testimonio de la menor, S\u00e1nchez llegaba de visita a la casa y con la aprobaci\u00f3n de su pap\u00e1, era obligada a mantener relaciones sexuales.<\/p>\n\n\n\n<p>Esa situaci\u00f3n se repiti\u00f3 durante un a\u00f1o, hasta que la ni\u00f1a no soport\u00f3 mas y le cont\u00f3 a su abuela el calvario que estaba padeciendo.<\/p>\n\n\n\n<p>Los abusos a lo que era sometida la ni\u00f1a le provocaron graves da\u00f1os f\u00edsicos y psicol\u00f3gicos.<\/p>\n\n\n\n<p>Su padre y el primo fueron detenidos de inmediato cuando se radic\u00f3 la denuncia y hasta el momento contin\u00faan presos. En el&nbsp;Tribunal Oral Penal N\u00b02 se determinar\u00e1 la culpabilidad de los acusados, conforme a las pruebas que existen en la causa. As\u00ed como tambi\u00e9n si existi\u00f3 alg\u00fan tipo de resarcimiento econ\u00f3mico por abusar de la menor.<\/p>\n","protected":false},"excerpt":{"rendered":"<p>Comenz\u00f3 el juicio a un hombre acusado de entregar a su hija de 9 a\u00f1os para que sea abusada sexualmente por su primo, en un hecho ocurrido en la localidad&hellip; <\/p>\n","protected":false},"author":1,"featured_media":132799,"comment_status":"closed","ping_status":"open","sticky":false,"template":"","format":"standard","meta":{"footnotes":""},"categories":[5],"tags":[],"class_list":["post-132787","post","type-post","status-publish","format-standard","has-post-thumbnail","hentry","category-crimen-y-justicia"],"_links":{"self":[{"href":"https:\/\/corrientesdetarde.com\/index.php\/wp-json\/wp\/v2\/posts\/132787","targetHints":{"allow":["GET"]}}],"collection":[{"href":"https:\/\/corrientesdetarde.com\/index.php\/wp-json\/wp\/v2\/posts"}],"about":[{"href":"https:\/\/corrientesdetarde.com\/index.php\/wp-json\/wp\/v2\/types\/post"}],"author":[{"embeddable":true,"href":"https:\/\/corrientesdetarde.com\/index.php\/wp-json\/wp\/v2\/users\/1"}],"replies":[{"embeddable":true,"href":"https:\/\/corrientesdetarde.com\/index.php\/wp-json\/wp\/v2\/comments?post=132787"}],"version-history":[{"count":1,"href":"https:\/\/corrientesdetarde.com\/index.php\/wp-json\/wp\/v2\/posts\/132787\/revisions"}],"predecessor-version":[{"id":132800,"href":"https:\/\/corrientesdetarde.com\/index.php\/wp-json\/wp\/v2\/posts\/132787\/revisions\/132800"}],"wp:featuredmedia":[{"embeddable":true,"href":"https:\/\/corrientesdetarde.com\/index.php\/wp-json\/wp\/v2\/media\/132799"}],"wp:attachment":[{"href":"https:\/\/corrientesdetarde.com\/index.php\/wp-json\/wp\/v2\/media?parent=132787"}],"wp:term":[{"taxonomy":"category","embeddable":true,"href":"https:\/\/corrientesdetarde.com\/index.php\/wp-json\/wp\/v2\/categories?post=132787"},{"taxonomy":"post_tag","embeddable":true,"href":"https:\/\/corrientesdetarde.com\/index.php\/wp-json\/wp\/v2\/tags?post=132787"}],"curies":[{"name":"wp","href":"https:\/\/api.w.org\/{rel}","templated":true}]}}