{"id":132788,"date":"2024-03-14T15:01:10","date_gmt":"2024-03-14T18:01:10","guid":{"rendered":"https:\/\/corrientesdetarde.com\/?p=132788"},"modified":"2024-03-14T15:02:18","modified_gmt":"2024-03-14T18:02:18","slug":"denuncia-de-una-madre-y-su-hija-por-un-procedimiento-policial","status":"publish","type":"post","link":"https:\/\/corrientesdetarde.com\/index.php\/policiales\/denuncia-de-una-madre-y-su-hija-por-un-procedimiento-policial\/","title":{"rendered":"denuncia de una madre y su hija, por un procedimiento policial"},"content":{"rendered":"\n<p>Mirta L\u00f3pez junto a su hija Aymar\u00e1 se desplazaba el s\u00e1bado pasado cerca de las 21 por la avenida Cazadores Correntinos cuando la Unidad Especial Anti-Arrebatos de la Polic\u00eda de Corrientes las detuvo. Aseguran que los agentes en ning\u00fan momento se identificaron y que las llevaron a la comisaria sin motivos, la joven de 18 a\u00f1os habr\u00eda sido golpeada durante la comisaria. El parte policial indica que habr\u00edan detenido el auto por &#8220;pedido de secuestro ya que habr\u00eda sido utilizado en un robo calificado&#8221;.<\/p>\n\n\n\n<p>Los efectivos policiales no se habr\u00edan identificado y que las llevaron a la comisaria sin explicarles los motivos de la detenci\u00f3n. Asegura que su hija fue golpeada por los efectivos. &#8220;Nos trataron como si fueramos delincuentes. Me dijeron que le pague 300 mil pesos o que mi hija tenga relaciones con ellos y que nos iban a soltar&#8221;, asegur\u00f3.\u00a0<\/p>\n\n\n\n<p>Seg\u00fan el parte oficial de la Unidad Especial Anti-Arrebatos de la Polic\u00eda de Corrientes, siendo las 21 horas aproximadamente, efectivos realizaban &#8220;patrullaje preventivo e identificaci\u00f3n de personas&#8221; en Avenida Cazadores Correntinos cuando procedieron a identificar a dos mujeres a bordo de un Volkswagen el cual presentaba &#8220;pedido de secuestro ya que habr\u00eda sido utilizado para cometer un hecho delictivo de robo calificado en la Capital.<\/p>\n","protected":false},"excerpt":{"rendered":"<p>Mirta L\u00f3pez junto a su hija Aymar\u00e1 se desplazaba el s\u00e1bado pasado cerca de las 21 por la avenida Cazadores Correntinos cuando la Unidad Especial Anti-Arrebatos de la Polic\u00eda de&hellip; <\/p>\n","protected":false},"author":1,"featured_media":132795,"comment_status":"closed","ping_status":"open","sticky":false,"template":"","format":"standard","meta":{"footnotes":""},"categories":[33],"tags":[],"class_list":["post-132788","post","type-post","status-publish","format-standard","has-post-thumbnail","hentry","category-policiales"],"_links":{"self":[{"href":"https:\/\/corrientesdetarde.com\/index.php\/wp-json\/wp\/v2\/posts\/132788","targetHints":{"allow":["GET"]}}],"collection":[{"href":"https:\/\/corrientesdetarde.com\/index.php\/wp-json\/wp\/v2\/posts"}],"about":[{"href":"https:\/\/corrientesdetarde.com\/index.php\/wp-json\/wp\/v2\/types\/post"}],"author":[{"embeddable":true,"href":"https:\/\/corrientesdetarde.com\/index.php\/wp-json\/wp\/v2\/users\/1"}],"replies":[{"embeddable":true,"href":"https:\/\/corrientesdetarde.com\/index.php\/wp-json\/wp\/v2\/comments?post=132788"}],"version-history":[{"count":2,"href":"https:\/\/corrientesdetarde.com\/index.php\/wp-json\/wp\/v2\/posts\/132788\/revisions"}],"predecessor-version":[{"id":132798,"href":"https:\/\/corrientesdetarde.com\/index.php\/wp-json\/wp\/v2\/posts\/132788\/revisions\/132798"}],"wp:featuredmedia":[{"embeddable":true,"href":"https:\/\/corrientesdetarde.com\/index.php\/wp-json\/wp\/v2\/media\/132795"}],"wp:attachment":[{"href":"https:\/\/corrientesdetarde.com\/index.php\/wp-json\/wp\/v2\/media?parent=132788"}],"wp:term":[{"taxonomy":"category","embeddable":true,"href":"https:\/\/corrientesdetarde.com\/index.php\/wp-json\/wp\/v2\/categories?post=132788"},{"taxonomy":"post_tag","embeddable":true,"href":"https:\/\/corrientesdetarde.com\/index.php\/wp-json\/wp\/v2\/tags?post=132788"}],"curies":[{"name":"wp","href":"https:\/\/api.w.org\/{rel}","templated":true}]}}