{"id":132808,"date":"2024-03-14T15:25:46","date_gmt":"2024-03-14T18:25:46","guid":{"rendered":"https:\/\/corrientesdetarde.com\/?p=132808"},"modified":"2024-03-14T15:25:57","modified_gmt":"2024-03-14T18:25:57","slug":"jesica-cirio-se-casa-en-el-dia-de-su-cumpleanos","status":"publish","type":"post","link":"https:\/\/corrientesdetarde.com\/index.php\/espectaculos\/jesica-cirio-se-casa-en-el-dia-de-su-cumpleanos\/","title":{"rendered":"J\u00e9sica Cirio se casa en el d\u00eda de su cumplea\u00f1os"},"content":{"rendered":"\n<p>Tras dejar La Pe\u00f1a de Morfi y alejada del esc\u00e1ndalo con su exesposo Mart\u00edn Insaurralde, la conductora y empresaria J\u00e9sica Cirio se casa. As\u00ed lo afirmaron en el programa Socios del espect\u00e1culo y se\u00f1alaron que apostar\u00e1 a formalizar su relaci\u00f3n con el empresario El\u00edas Piccirillo.<\/p>\n\n\n\n<p><br>Adri\u00e1n Pallares anunci\u00f3 la buena noticia: &#8220;\u00a1Se casa Jesica Cirio! El domingo festeja su cumple y parece que se casa&#8221;. La periodista Paula Varela agreg\u00f3 &#8220;Ella ten\u00eda grandes planes para este a\u00f1o porque dej\u00f3 &#8220;La Pe\u00f1a de Morfi&#8221; y ahora se viene el casamiento. Tambi\u00e9n se viene el baby&#8221;. Detall\u00f3 que fue Jesica quien que le confi\u00f3 que est\u00e1 en una nueva etapa, muy feliz y le gustar\u00eda ser mam\u00e1.<\/p>\n\n\n\n<p>&#8220;Ya congel\u00f3 \u00f3vulos ac\u00e1 en Argentina y me dijo que puede ser ahora, con esta nueva pareja. Est\u00e1n muy felices. Me dijo que est\u00e1 muy enamorada. Me dijo que tambi\u00e9n hay temas personales que este a\u00f1o quiere resolver&#8221;, detall\u00f3.<\/p>\n\n\n\n<p>Acerca de agrandar la familia, sum\u00f3: &#8220;puede ser un baby porque vieron que ella congel\u00f3 \u00f3vulos y me dijo &#8220;puede ser&#8221;. Est\u00e1 muy enamorada y tal vez este sea un a\u00f1o de maternidad para Jesica&#8221;.<\/p>\n\n\n\n<figure class=\"wp-block-embed is-type-video is-provider-youtube wp-block-embed-youtube wp-embed-aspect-16-9 wp-has-aspect-ratio\"><div class=\"wp-block-embed__wrapper\">\n<iframe loading=\"lazy\" title=\"\u00a1SE CASAR\u00cdA JESICA CIRIO! Paula Varela lo cont\u00f3 en exclusiva en Socios del Espect\u00e1culo\" width=\"1110\" height=\"624\" src=\"https:\/\/www.youtube.com\/embed\/gdehJSKQHYs?feature=oembed\" frameborder=\"0\" allow=\"accelerometer; autoplay; clipboard-write; encrypted-media; gyroscope; picture-in-picture; web-share\" allowfullscreen><\/iframe>\n<\/div><\/figure>\n\n\n\n<figure class=\"wp-block-image size-full\"><img loading=\"lazy\" decoding=\"async\" width=\"767\" height=\"430\" src=\"https:\/\/corrientesdetarde.com\/wp-content\/uploads\/2024\/03\/image-376.png\" alt=\"\" class=\"wp-image-132811\" srcset=\"https:\/\/corrientesdetarde.com\/wp-content\/uploads\/2024\/03\/image-376.png 767w, https:\/\/corrientesdetarde.com\/wp-content\/uploads\/2024\/03\/image-376-300x168.png 300w\" sizes=\"auto, (max-width: 767px) 100vw, 767px\" \/><\/figure>\n","protected":false},"excerpt":{"rendered":"<p>Tras dejar La Pe\u00f1a de Morfi y alejada del esc\u00e1ndalo con su exesposo Mart\u00edn Insaurralde, la conductora y empresaria J\u00e9sica Cirio se casa. As\u00ed lo afirmaron en el programa Socios&hellip; <\/p>\n","protected":false},"author":1,"featured_media":132809,"comment_status":"closed","ping_status":"open","sticky":false,"template":"","format":"standard","meta":{"footnotes":""},"categories":[19],"tags":[],"class_list":["post-132808","post","type-post","status-publish","format-standard","has-post-thumbnail","hentry","category-espectaculos"],"_links":{"self":[{"href":"https:\/\/corrientesdetarde.com\/index.php\/wp-json\/wp\/v2\/posts\/132808","targetHints":{"allow":["GET"]}}],"collection":[{"href":"https:\/\/corrientesdetarde.com\/index.php\/wp-json\/wp\/v2\/posts"}],"about":[{"href":"https:\/\/corrientesdetarde.com\/index.php\/wp-json\/wp\/v2\/types\/post"}],"author":[{"embeddable":true,"href":"https:\/\/corrientesdetarde.com\/index.php\/wp-json\/wp\/v2\/users\/1"}],"replies":[{"embeddable":true,"href":"https:\/\/corrientesdetarde.com\/index.php\/wp-json\/wp\/v2\/comments?post=132808"}],"version-history":[{"count":1,"href":"https:\/\/corrientesdetarde.com\/index.php\/wp-json\/wp\/v2\/posts\/132808\/revisions"}],"predecessor-version":[{"id":132812,"href":"https:\/\/corrientesdetarde.com\/index.php\/wp-json\/wp\/v2\/posts\/132808\/revisions\/132812"}],"wp:featuredmedia":[{"embeddable":true,"href":"https:\/\/corrientesdetarde.com\/index.php\/wp-json\/wp\/v2\/media\/132809"}],"wp:attachment":[{"href":"https:\/\/corrientesdetarde.com\/index.php\/wp-json\/wp\/v2\/media?parent=132808"}],"wp:term":[{"taxonomy":"category","embeddable":true,"href":"https:\/\/corrientesdetarde.com\/index.php\/wp-json\/wp\/v2\/categories?post=132808"},{"taxonomy":"post_tag","embeddable":true,"href":"https:\/\/corrientesdetarde.com\/index.php\/wp-json\/wp\/v2\/tags?post=132808"}],"curies":[{"name":"wp","href":"https:\/\/api.w.org\/{rel}","templated":true}]}}