{"id":132815,"date":"2024-03-14T16:26:51","date_gmt":"2024-03-14T19:26:51","guid":{"rendered":"https:\/\/corrientesdetarde.com\/?p=132815"},"modified":"2024-03-14T16:27:03","modified_gmt":"2024-03-14T19:27:03","slug":"55-c-de-sensacion-termica-corrientes-tiene-alerta-naranja","status":"publish","type":"post","link":"https:\/\/corrientesdetarde.com\/index.php\/clima\/55-c-de-sensacion-termica-corrientes-tiene-alerta-naranja\/","title":{"rendered":"55 \u00b0C de sensaci\u00f3n t\u00e9rmica: Corrientes tiene alerta naranja"},"content":{"rendered":"\n<p>&nbsp;<br>El jueves comenz\u00f3 con temperaturas muy elevadas y cerca de las 14, seg\u00fan el ICAA, la t\u00e9rmica lleg\u00f3 a los 55\u00b0<\/p>\n\n\n\n<figure class=\"wp-block-image\"><img decoding=\"async\" src=\"https:\/\/www.radiodos.com.ar\/content\/bucket\/7\/226957w770h637c.jpg.webp\" alt=\"\"\/><figcaption class=\"wp-element-caption\">El Instituto Correntino del Agua y del Ambiente (ICAA) registr\u00f3 55\u00b0C<\/figcaption><\/figure>\n\n\n\n<p>El alerta naranja afecta a varias localidades del interior, incluido Capital. El resto de la provincia se encuentra bajo alerta amarilla. Se recomienda no exponerse al sol entre a 10 y las 17, tomar mucha agua y usar ropa liviana.<\/p>\n\n\n<div class=\"wp-block-image\">\n<figure class=\"aligncenter size-full is-resized\"><img loading=\"lazy\" decoding=\"async\" width=\"350\" height=\"200\" src=\"https:\/\/corrientesdetarde.com\/wp-content\/uploads\/2024\/03\/image-377.png\" alt=\"\" class=\"wp-image-132819\" style=\"width:812px;height:auto\" srcset=\"https:\/\/corrientesdetarde.com\/wp-content\/uploads\/2024\/03\/image-377.png 350w, https:\/\/corrientesdetarde.com\/wp-content\/uploads\/2024\/03\/image-377-300x171.png 300w\" sizes=\"auto, (max-width: 350px) 100vw, 350px\" \/><\/figure>\n<\/div>\n\n\n<p><\/p>\n","protected":false},"excerpt":{"rendered":"<p>&nbsp;El jueves comenz\u00f3 con temperaturas muy elevadas y cerca de las 14, seg\u00fan el ICAA, la t\u00e9rmica lleg\u00f3 a los 55\u00b0 El alerta naranja afecta a varias localidades del interior,&hellip; <\/p>\n","protected":false},"author":1,"featured_media":132820,"comment_status":"closed","ping_status":"open","sticky":false,"template":"","format":"standard","meta":{"footnotes":""},"categories":[29],"tags":[],"class_list":["post-132815","post","type-post","status-publish","format-standard","has-post-thumbnail","hentry","category-clima"],"_links":{"self":[{"href":"https:\/\/corrientesdetarde.com\/index.php\/wp-json\/wp\/v2\/posts\/132815","targetHints":{"allow":["GET"]}}],"collection":[{"href":"https:\/\/corrientesdetarde.com\/index.php\/wp-json\/wp\/v2\/posts"}],"about":[{"href":"https:\/\/corrientesdetarde.com\/index.php\/wp-json\/wp\/v2\/types\/post"}],"author":[{"embeddable":true,"href":"https:\/\/corrientesdetarde.com\/index.php\/wp-json\/wp\/v2\/users\/1"}],"replies":[{"embeddable":true,"href":"https:\/\/corrientesdetarde.com\/index.php\/wp-json\/wp\/v2\/comments?post=132815"}],"version-history":[{"count":1,"href":"https:\/\/corrientesdetarde.com\/index.php\/wp-json\/wp\/v2\/posts\/132815\/revisions"}],"predecessor-version":[{"id":132821,"href":"https:\/\/corrientesdetarde.com\/index.php\/wp-json\/wp\/v2\/posts\/132815\/revisions\/132821"}],"wp:featuredmedia":[{"embeddable":true,"href":"https:\/\/corrientesdetarde.com\/index.php\/wp-json\/wp\/v2\/media\/132820"}],"wp:attachment":[{"href":"https:\/\/corrientesdetarde.com\/index.php\/wp-json\/wp\/v2\/media?parent=132815"}],"wp:term":[{"taxonomy":"category","embeddable":true,"href":"https:\/\/corrientesdetarde.com\/index.php\/wp-json\/wp\/v2\/categories?post=132815"},{"taxonomy":"post_tag","embeddable":true,"href":"https:\/\/corrientesdetarde.com\/index.php\/wp-json\/wp\/v2\/tags?post=132815"}],"curies":[{"name":"wp","href":"https:\/\/api.w.org\/{rel}","templated":true}]}}