{"id":132818,"date":"2024-03-14T16:28:25","date_gmt":"2024-03-14T19:28:25","guid":{"rendered":"https:\/\/corrientesdetarde.com\/?p=132818"},"modified":"2024-03-14T16:28:29","modified_gmt":"2024-03-14T19:28:29","slug":"hallaron-marihuana-en-el-bano-de-un-colectivo-de-larga-distancia","status":"publish","type":"post","link":"https:\/\/corrientesdetarde.com\/index.php\/policiales\/hallaron-marihuana-en-el-bano-de-un-colectivo-de-larga-distancia\/","title":{"rendered":"hallaron marihuana en el ba\u00f1o de un colectivo de larga distancia\u00a0"},"content":{"rendered":"\n<p>Gendarmer\u00eda Nacional inform\u00f3 este mi\u00e9rcoles que&nbsp;hallaron marihuana en un colectivo de larga distancia en la localidad correntina de Paso de los Libres.<\/p>\n\n\n\n<p>Efectivos de la fuerza realizaban operativos de control sobre Ruta nacional N\u00b014, cuando detuvieron la marcha de un colectivo de larga distancia que se dirig\u00eda de Paso de los Libres hac\u00eda Buenos Aires.&nbsp;<\/p>\n\n\n\n<p>Al momento de la inspecci\u00f3n&nbsp;y con la ayuda del can antinarc\u00f3ticos, descubrieron la presencia de sustancia estupefaciente en el sector del ba\u00f1o del micro.&nbsp;<\/p>\n\n\n\n<figure class=\"wp-block-image\"><img decoding=\"async\" src=\"https:\/\/pxc.cdn.ellitoral.com.ar\/litoral\/032024\/1710333378830\/WhatsApp%20Image%202024-03-13%20at%2009.15.40.webp?cw=1200&amp;ch=674&amp;extw=jpeg\" alt=\"Corrientes: hallaron marihuana en el ba\u00f1o de un colectivo de larga distancia\u00a0\"\/><\/figure>\n\n\n\n<p>Por tal motivo, iniciaron las pruebas de la sustancia arrojando positivo para cannabis sativa y con un peso total de&nbsp;1.000 gramos, valuado en&nbsp;$ 2.168.750.<\/p>\n\n\n\n<p>Al respecto, no lograron identificar al propietario de lo encontrado.&nbsp;<\/p>\n\n\n\n<p>En el caso, intervino el Juzgado Federal y la Fiscal\u00eda Federal de Paso de los Libres.&nbsp;<\/p>\n","protected":false},"excerpt":{"rendered":"<p>Gendarmer\u00eda Nacional inform\u00f3 este mi\u00e9rcoles que&nbsp;hallaron marihuana en un colectivo de larga distancia en la localidad correntina de Paso de los Libres. Efectivos de la fuerza realizaban operativos de control&hellip; <\/p>\n","protected":false},"author":1,"featured_media":132822,"comment_status":"closed","ping_status":"open","sticky":false,"template":"","format":"standard","meta":{"footnotes":""},"categories":[33],"tags":[],"class_list":["post-132818","post","type-post","status-publish","format-standard","has-post-thumbnail","hentry","category-policiales"],"_links":{"self":[{"href":"https:\/\/corrientesdetarde.com\/index.php\/wp-json\/wp\/v2\/posts\/132818","targetHints":{"allow":["GET"]}}],"collection":[{"href":"https:\/\/corrientesdetarde.com\/index.php\/wp-json\/wp\/v2\/posts"}],"about":[{"href":"https:\/\/corrientesdetarde.com\/index.php\/wp-json\/wp\/v2\/types\/post"}],"author":[{"embeddable":true,"href":"https:\/\/corrientesdetarde.com\/index.php\/wp-json\/wp\/v2\/users\/1"}],"replies":[{"embeddable":true,"href":"https:\/\/corrientesdetarde.com\/index.php\/wp-json\/wp\/v2\/comments?post=132818"}],"version-history":[{"count":1,"href":"https:\/\/corrientesdetarde.com\/index.php\/wp-json\/wp\/v2\/posts\/132818\/revisions"}],"predecessor-version":[{"id":132823,"href":"https:\/\/corrientesdetarde.com\/index.php\/wp-json\/wp\/v2\/posts\/132818\/revisions\/132823"}],"wp:featuredmedia":[{"embeddable":true,"href":"https:\/\/corrientesdetarde.com\/index.php\/wp-json\/wp\/v2\/media\/132822"}],"wp:attachment":[{"href":"https:\/\/corrientesdetarde.com\/index.php\/wp-json\/wp\/v2\/media?parent=132818"}],"wp:term":[{"taxonomy":"category","embeddable":true,"href":"https:\/\/corrientesdetarde.com\/index.php\/wp-json\/wp\/v2\/categories?post=132818"},{"taxonomy":"post_tag","embeddable":true,"href":"https:\/\/corrientesdetarde.com\/index.php\/wp-json\/wp\/v2\/tags?post=132818"}],"curies":[{"name":"wp","href":"https:\/\/api.w.org\/{rel}","templated":true}]}}