{"id":132826,"date":"2024-03-14T16:42:12","date_gmt":"2024-03-14T19:42:12","guid":{"rendered":"https:\/\/corrientesdetarde.com\/?p=132826"},"modified":"2024-03-14T16:42:23","modified_gmt":"2024-03-14T19:42:23","slug":"aprobaron-la-emergencia-vial-y-en-el-sistema-de-transporte-urbano","status":"publish","type":"post","link":"https:\/\/corrientesdetarde.com\/index.php\/sociales\/aprobaron-la-emergencia-vial-y-en-el-sistema-de-transporte-urbano\/","title":{"rendered":"Aprobaron la Emergencia Vial y en el Sistema de Transporte Urbano"},"content":{"rendered":"\n<p>El Concejo Deliberante de la ciudad de&nbsp;Corrientes&nbsp;concret\u00f3 este jueves la segunda sesi\u00f3n ordinaria de 2024, con aprobaci\u00f3n de la resoluci\u00f3n del Departamento Ejecutivo Municipal (DEM) que declar\u00f3, ad-refer\u00e9ndum del HCD, la Emergencia Vial y en el Sistema de Transporte Urbano de Pasajeros hasta el 31 de diciembre de 2025.<\/p>\n\n\n\n<p>Se trata de una herramienta que habilita al Municipio a la toma de medidas necesarias de car\u00e1cter administrativo, financieras y de gesti\u00f3n, para asegurar la movilidad y seguridad vial de los vecinos.<\/p>\n\n\n\n<p>En su articulado, autoriza al Ejecutivo a \u201carbitrar todas las medidas indispensables para garantizar la continuidad de la prestaci\u00f3n del servicio p\u00fablico de transporte urbano de pasajeros, en el caso de constatarse una cobertura menor al 75%\u201d. Tambi\u00e9n podr\u00e1 \u201ccontrolar, revisar y modificar la ubicaci\u00f3n, di\u00e1metros, usos, distribuci\u00f3n, infraestructura y equipamiento de la estructura vial, redes viales, arterias de circulaci\u00f3n en general, \u00e1reas de estacionamiento, entre otras a fin de optimizar el servicio\u201d.<\/p>\n\n\n\n<p>\u201cEstamos de acuerdo con la emergencia, pero queremos saber \u00bfc\u00f3mo va a hacer el Municipio para cubrir financieramente ese hueco sin que vuelva a caer otra vez todo el peso sobre los usuarios, que adem\u00e1s tienen salarios que pierden contra la inflaci\u00f3n?\u201d, cuestion\u00f3 la concejal Magda Duartes<\/p>\n\n\n\n<p>Los ediles de la oposici\u00f3n&nbsp;criticaron el hecho de que el Ejecutivo no remita al cuerpo de qu\u00e9 manera planifica financiar al transporte, tanto en lo operativo como en la tarifa, incluyendo al boleto estudiantil gratuito. \u201c\u00bfQue partidas presupuestarias se van a modificar? Eso no explican en la declaraci\u00f3n de emergencia\u201d, advirti\u00f3 Duartes.<\/p>\n\n\n\n<p>Por otra parte, en cuanto a las iniciativas ingresadas durante el plenario, se destacaron: la que impulsa la modificaci\u00f3n de la Ordenanza N\u00ba 6924 (que declar\u00f3 Monumento Natural al Parque de los \u00c1rboles del barrio Doctor Monta\u00f1a) se gir\u00f3 a Ecolog\u00eda y Legislaci\u00f3n, mientras que la que propone establecer sentido de circulaci\u00f3n de los pasajes del centro de la ciudad ser\u00e1 analizada por Obras y Legislaci\u00f3n.<\/p>\n\n\n\n<p>En tanto, los ediles aprobaron 83 comunicaciones. En este sentido, solicitaron al DEM una serie de mejoras para los barrios Ciudades Correntinas, Sol de Mayo, 536 Viviendas, El Perich\u00f3n, Punta Taitalo, Fray Jos\u00e9 de la Quintana, San Antonio Oeste, Parque Cadenas Sur, Bejarano y Molina Punta, entre otros.<\/p>\n\n\n\n<p>El HCD adem\u00e1s declar\u00f3 de inter\u00e9s el D\u00eda de la Promoci\u00f3n de los Derechos de las Personas Trans (18 de marzo), el D\u00eda Internacional de los Artesanos (19 de marzo) y la realizaci\u00f3n del Programa de Promoci\u00f3n de Relaciones Saludables en las Escuelas.<\/p>\n","protected":false},"excerpt":{"rendered":"<p>El Concejo Deliberante de la ciudad de&nbsp;Corrientes&nbsp;concret\u00f3 este jueves la segunda sesi\u00f3n ordinaria de 2024, con aprobaci\u00f3n de la resoluci\u00f3n del Departamento Ejecutivo Municipal (DEM) que declar\u00f3, ad-refer\u00e9ndum del HCD,&hellip; <\/p>\n","protected":false},"author":1,"featured_media":132832,"comment_status":"closed","ping_status":"open","sticky":false,"template":"","format":"standard","meta":{"footnotes":""},"categories":[17],"tags":[],"class_list":["post-132826","post","type-post","status-publish","format-standard","has-post-thumbnail","hentry","category-sociales"],"_links":{"self":[{"href":"https:\/\/corrientesdetarde.com\/index.php\/wp-json\/wp\/v2\/posts\/132826","targetHints":{"allow":["GET"]}}],"collection":[{"href":"https:\/\/corrientesdetarde.com\/index.php\/wp-json\/wp\/v2\/posts"}],"about":[{"href":"https:\/\/corrientesdetarde.com\/index.php\/wp-json\/wp\/v2\/types\/post"}],"author":[{"embeddable":true,"href":"https:\/\/corrientesdetarde.com\/index.php\/wp-json\/wp\/v2\/users\/1"}],"replies":[{"embeddable":true,"href":"https:\/\/corrientesdetarde.com\/index.php\/wp-json\/wp\/v2\/comments?post=132826"}],"version-history":[{"count":1,"href":"https:\/\/corrientesdetarde.com\/index.php\/wp-json\/wp\/v2\/posts\/132826\/revisions"}],"predecessor-version":[{"id":132833,"href":"https:\/\/corrientesdetarde.com\/index.php\/wp-json\/wp\/v2\/posts\/132826\/revisions\/132833"}],"wp:featuredmedia":[{"embeddable":true,"href":"https:\/\/corrientesdetarde.com\/index.php\/wp-json\/wp\/v2\/media\/132832"}],"wp:attachment":[{"href":"https:\/\/corrientesdetarde.com\/index.php\/wp-json\/wp\/v2\/media?parent=132826"}],"wp:term":[{"taxonomy":"category","embeddable":true,"href":"https:\/\/corrientesdetarde.com\/index.php\/wp-json\/wp\/v2\/categories?post=132826"},{"taxonomy":"post_tag","embeddable":true,"href":"https:\/\/corrientesdetarde.com\/index.php\/wp-json\/wp\/v2\/tags?post=132826"}],"curies":[{"name":"wp","href":"https:\/\/api.w.org\/{rel}","templated":true}]}}