{"id":132884,"date":"2024-03-15T09:29:46","date_gmt":"2024-03-15T12:29:46","guid":{"rendered":"https:\/\/corrientesdetarde.com\/?p=132884"},"modified":"2024-03-15T09:29:58","modified_gmt":"2024-03-15T12:29:58","slug":"julieta-poggio-sorprendio-a-todos-al-revelar-su-estado-sentimental-a-traves-de-las-redes-sociales-estoy","status":"publish","type":"post","link":"https:\/\/corrientesdetarde.com\/index.php\/espectaculos\/julieta-poggio-sorprendio-a-todos-al-revelar-su-estado-sentimental-a-traves-de-las-redes-sociales-estoy\/","title":{"rendered":"Julieta Poggio sorprendi\u00f3 a todos al revelar su estado sentimental a trav\u00e9s de las redes sociales: &#8220;Estoy&#8230;&#8221;"},"content":{"rendered":"\n<p>Los rumores de un posible romance entre\u00a0<strong>Julieta Poggio<\/strong>\u00a0y Marcos Ginocchio vienen circulando desde el a\u00f1o pasado. Si bien muchas veces los protagonistas negaron estos dichos, en febrero de este a\u00f1o, Poggio confirm\u00f3 que estuvo en pareja con su excompa\u00f1ero de\u00a0<em>Gran Hermano<\/em>\u00a02022 en el\u00a0<em>El debate del Bailando<\/em>, pero que ya hab\u00eda terminado.<\/p>\n\n\n\n<p>Adem\u00e1s, hasta hace unos meses atr\u00e1s,&nbsp;fue vinculada con el hermano de Tini Stoessel, Francisco, pero ellos nunca confirmaron nada.<\/p>\n\n\n\n<figure class=\"wp-block-image\"><img decoding=\"async\" src=\"https:\/\/www.mdzol.com\/u\/fotografias\/m\/2023\/7\/23\/f768x1-1447007_1447134_5050.jpg\" alt=\"\"\/><figcaption class=\"wp-element-caption\">La modelo confirm\u00f3 que tuvo un romance con Ginocchio, pero que no prosper\u00f3.<\/figcaption><\/figure>\n\n\n\n<p>Poggio se caracteriza por ser una persona muy ocupada en su d\u00eda a d\u00eda. Actualmente, participa de los debates de\u00a0<em>Gran Hermano<\/em>\u00a02023 como panelista y le ense\u00f1a su agitada vida a sus seguidores de\u00a0<strong>Instagram<\/strong>\u00a0(@Poggiojulieta).<\/p>\n\n\n\n<p>Este jueves, la influencer abri\u00f3 un espacio de preguntas en la red social de fotograf\u00eda para responder cualquier consulta de sus seguidores. Una de las primeras preguntas que recibi\u00f3 fue sobre su amiga y excompa\u00f1era de reality, Daniela Celis.<\/p>\n\n\n\n<figure class=\"wp-block-image\"><img decoding=\"async\" src=\"https:\/\/www.mdzol.com\/u\/fotografias\/m\/2024\/3\/15\/f768x1-1565647_1565774_223.jpg\" alt=\"\"\/><figcaption class=\"wp-element-caption\">La panelista de Gran Hermano 2023 revel\u00f3 que se encuentra soltera. Cr\u00e9ditos: captura de pantalla Instagram Poggiojulieta.<\/figcaption><\/figure>\n\n\n\n<p>&#8220;\u00bfEst\u00e1s alejada con Dani? Hace rato no las veo juntas. Pd: te amoooooo&#8221;, le consultaron a Poggio; a lo que ella contest\u00f3: &#8220;M\u00e1s unidas que nunca. Acabamos de cortar videollamada que siempre hacemos una vez por semana para actualizarnos de todo y chismosear @danielacelis01&#8221;.<\/p>\n\n\n\n<p>Adem\u00e1s de hablar sobre\u00a0<em>Gran Hermano<\/em>\u00a0y sus proyectos art\u00edsticos,\u00a0<strong>Julieta Poggio<\/strong>\u00a0confes\u00f3 su estado sentimental cuando le preguntaron si se encuentra en pareja. &#8220;Estoy\u00a0<strong>soltera<\/strong>&#8220;, revel\u00f3 la modelo.<\/p>\n","protected":false},"excerpt":{"rendered":"<p>Los rumores de un posible romance entre\u00a0Julieta Poggio\u00a0y Marcos Ginocchio vienen circulando desde el a\u00f1o pasado. Si bien muchas veces los protagonistas negaron estos dichos, en febrero de este a\u00f1o,&hellip; <\/p>\n","protected":false},"author":12,"featured_media":83064,"comment_status":"closed","ping_status":"open","sticky":false,"template":"","format":"standard","meta":{"footnotes":""},"categories":[19],"tags":[],"class_list":["post-132884","post","type-post","status-publish","format-standard","has-post-thumbnail","hentry","category-espectaculos"],"_links":{"self":[{"href":"https:\/\/corrientesdetarde.com\/index.php\/wp-json\/wp\/v2\/posts\/132884","targetHints":{"allow":["GET"]}}],"collection":[{"href":"https:\/\/corrientesdetarde.com\/index.php\/wp-json\/wp\/v2\/posts"}],"about":[{"href":"https:\/\/corrientesdetarde.com\/index.php\/wp-json\/wp\/v2\/types\/post"}],"author":[{"embeddable":true,"href":"https:\/\/corrientesdetarde.com\/index.php\/wp-json\/wp\/v2\/users\/12"}],"replies":[{"embeddable":true,"href":"https:\/\/corrientesdetarde.com\/index.php\/wp-json\/wp\/v2\/comments?post=132884"}],"version-history":[{"count":1,"href":"https:\/\/corrientesdetarde.com\/index.php\/wp-json\/wp\/v2\/posts\/132884\/revisions"}],"predecessor-version":[{"id":132894,"href":"https:\/\/corrientesdetarde.com\/index.php\/wp-json\/wp\/v2\/posts\/132884\/revisions\/132894"}],"wp:featuredmedia":[{"embeddable":true,"href":"https:\/\/corrientesdetarde.com\/index.php\/wp-json\/wp\/v2\/media\/83064"}],"wp:attachment":[{"href":"https:\/\/corrientesdetarde.com\/index.php\/wp-json\/wp\/v2\/media?parent=132884"}],"wp:term":[{"taxonomy":"category","embeddable":true,"href":"https:\/\/corrientesdetarde.com\/index.php\/wp-json\/wp\/v2\/categories?post=132884"},{"taxonomy":"post_tag","embeddable":true,"href":"https:\/\/corrientesdetarde.com\/index.php\/wp-json\/wp\/v2\/tags?post=132884"}],"curies":[{"name":"wp","href":"https:\/\/api.w.org\/{rel}","templated":true}]}}