{"id":132885,"date":"2024-03-15T09:27:32","date_gmt":"2024-03-15T12:27:32","guid":{"rendered":"https:\/\/corrientesdetarde.com\/?p=132885"},"modified":"2024-03-15T09:27:44","modified_gmt":"2024-03-15T12:27:44","slug":"liberaron-al-acusado-de-amenazar-de-muerte-al-periodista-nelson-castro-en-rosario","status":"publish","type":"post","link":"https:\/\/corrientesdetarde.com\/index.php\/crimen-y-justicia\/liberaron-al-acusado-de-amenazar-de-muerte-al-periodista-nelson-castro-en-rosario\/","title":{"rendered":"Liberaron al acusado de amenazar de muerte al periodista Nelson Castro en Rosario"},"content":{"rendered":"\n<p>La Justicia orden\u00f3 la\u00a0liberaci\u00f3n\u00a0del\u00a0sospechoso\u00a0de\u00a0amenazar\u00a0de muerte al periodista\u00a0<strong>Nelson Castro<\/strong>\u00a0y al equipo de\u00a0TN\u00a0durante la cobertura de la\u00a0violencia narco desatada en Rosario.\u00a0<\/p>\n\n\n\n<p>El juez de la causa dispuso la salida de prisi\u00f3n del hombre de 48 a\u00f1os, con la condici\u00f3n de que pase una vez por semana a firmar en la\u00a0Oficina de Gesti\u00f3n Judicial (OGJ), adem\u00e1s de\u00a0realizar un tratamiento psiqui\u00e1trico.\u00a0<\/p>\n\n\n\n<p>\u201cQuiero compartirles que&nbsp;ha sido<strong>&nbsp;liberada<\/strong>&nbsp;la persona&nbsp;sospechada de haberme&nbsp;<strong>amenazado<\/strong>&nbsp;de muerte\u201d,&nbsp;dijo el comunicador&nbsp;en&nbsp;Radio Rivadavia.&nbsp;<\/p>\n\n\n\n<p>\u201cConfes\u00f3 haberme&nbsp;<strong>amenazado<\/strong>. Es&nbsp;absolutamente imputable,&nbsp;est\u00e1 en dominio de sus facultades mentales\u201d, sum\u00f3.<\/p>\n\n\n\n<h2 class=\"wp-block-heading\">Grave&nbsp;<\/h2>\n\n\n\n<p>El lunes pasado, mientras\u00a0TN trabajaba en Rosario, el periodista Sebasti\u00e1n Domenech recibi\u00f3 unos mensajes intimidatorios, acompa\u00f1ados de una foto de\u00a0<strong>Castro<\/strong>.<\/p>\n\n\n\n<p>\u201cDecile que si llega a Segu\u00ed y Oro\u00f1o lo sacamos a tiros. El que avisa no traiciona. Que se vaya de Rosario, no los queremos ac\u00e1 afuera\u201d, advirtieron.&nbsp;<\/p>\n\n\n\n<p>\u201cVan a terminar como (Jos\u00e9 Luis) Cabezas\u201d, agregaron los delincuentes, en unos textos bajo la firma de \u201cla mafia\u201d.<\/p>\n\n\n\n<p>Tras esto, la Justicia avanz\u00f3 y realiz\u00f3 un allanamiento en la calle Crespo al 3100, donde lograron detener a Jos\u00e9 Luis Z., el sospechoso por el caso<strong>,<\/strong>&nbsp;a quien acusaron de cometer el delito de&nbsp;\u201c<strong>amenazas&nbsp;<\/strong>coactivas agravadas por ser an\u00f3nimas, en car\u00e1cter de autor y en grado de consumado\u201d.<\/p>\n","protected":false},"excerpt":{"rendered":"<p>La Justicia orden\u00f3 la\u00a0liberaci\u00f3n\u00a0del\u00a0sospechoso\u00a0de\u00a0amenazar\u00a0de muerte al periodista\u00a0Nelson Castro\u00a0y al equipo de\u00a0TN\u00a0durante la cobertura de la\u00a0violencia narco desatada en Rosario.\u00a0 El juez de la causa dispuso la salida de prisi\u00f3n del&hellip; <\/p>\n","protected":false},"author":12,"featured_media":132891,"comment_status":"closed","ping_status":"open","sticky":false,"template":"","format":"standard","meta":{"footnotes":""},"categories":[5],"tags":[],"class_list":["post-132885","post","type-post","status-publish","format-standard","has-post-thumbnail","hentry","category-crimen-y-justicia"],"_links":{"self":[{"href":"https:\/\/corrientesdetarde.com\/index.php\/wp-json\/wp\/v2\/posts\/132885","targetHints":{"allow":["GET"]}}],"collection":[{"href":"https:\/\/corrientesdetarde.com\/index.php\/wp-json\/wp\/v2\/posts"}],"about":[{"href":"https:\/\/corrientesdetarde.com\/index.php\/wp-json\/wp\/v2\/types\/post"}],"author":[{"embeddable":true,"href":"https:\/\/corrientesdetarde.com\/index.php\/wp-json\/wp\/v2\/users\/12"}],"replies":[{"embeddable":true,"href":"https:\/\/corrientesdetarde.com\/index.php\/wp-json\/wp\/v2\/comments?post=132885"}],"version-history":[{"count":1,"href":"https:\/\/corrientesdetarde.com\/index.php\/wp-json\/wp\/v2\/posts\/132885\/revisions"}],"predecessor-version":[{"id":132892,"href":"https:\/\/corrientesdetarde.com\/index.php\/wp-json\/wp\/v2\/posts\/132885\/revisions\/132892"}],"wp:featuredmedia":[{"embeddable":true,"href":"https:\/\/corrientesdetarde.com\/index.php\/wp-json\/wp\/v2\/media\/132891"}],"wp:attachment":[{"href":"https:\/\/corrientesdetarde.com\/index.php\/wp-json\/wp\/v2\/media?parent=132885"}],"wp:term":[{"taxonomy":"category","embeddable":true,"href":"https:\/\/corrientesdetarde.com\/index.php\/wp-json\/wp\/v2\/categories?post=132885"},{"taxonomy":"post_tag","embeddable":true,"href":"https:\/\/corrientesdetarde.com\/index.php\/wp-json\/wp\/v2\/tags?post=132885"}],"curies":[{"name":"wp","href":"https:\/\/api.w.org\/{rel}","templated":true}]}}