{"id":132886,"date":"2024-03-15T09:23:35","date_gmt":"2024-03-15T12:23:35","guid":{"rendered":"https:\/\/corrientesdetarde.com\/?p=132886"},"modified":"2024-03-15T09:23:46","modified_gmt":"2024-03-15T12:23:46","slug":"tini-stoessel-reaparecio-en-instagram-con-el-pelo-mas-oscuro-y-un-look-de-otono-con-mucha-piel-a-la-vista","status":"publish","type":"post","link":"https:\/\/corrientesdetarde.com\/index.php\/espectaculos\/tini-stoessel-reaparecio-en-instagram-con-el-pelo-mas-oscuro-y-un-look-de-otono-con-mucha-piel-a-la-vista\/","title":{"rendered":"Tini Stoessel reapareci\u00f3 en Instagram con el pelo m\u00e1s oscuro y un look de oto\u00f1o con mucha piel a la vista"},"content":{"rendered":"\n<p>Tras acaparar los\u00a0<em>flashes<\/em>\u00a0en la ceremonia del Premio Lo Nuestro con un\u00a0<strong>corte de pelo pixie y un vestido transparente<\/strong>,<strong>Tini Stoessel\u00a0<\/strong>demuestra que es una<em>\u00a0fashionista\u00a0<\/em>a tiempo completo. Cuando no est\u00e1 sobre el escenario o en una\u00a0<em>red carpet<\/em>, sus looks tambi\u00e9n son dignos de documentar, tal como demostr\u00f3 con su \u00faltimo posteo de\u00a0<strong>Instagram<\/strong>.<\/p>\n\n\n\n<p>En las \u00faltimas horas, la artista se luci\u00f3 con una apuesta urbana chic de alto impacto que dej\u00f3 a sus 21 millones de seguidores de alrededor del mundo totalmente impactados. Eligi\u00f3 combinar una<strong>\u00a0falda estampada en cuadrill\u00e9 con un\u00a0<\/strong><em><strong>crop top\u00a0<\/strong><\/em><strong>de lana tejido\u00a0<\/strong>y\u00a0<strong>bucaneras XXL<\/strong>.<\/p>\n\n\n\n<h2 class=\"wp-block-heading\">El sorprendente look de Tini Stoessel<\/h2>\n\n\n\n<p>Tini arras\u00f3 con una&nbsp;<strong>maxifalda de tiro bajo con estampa de cuadrill\u00e9 en tonos grises y azules<\/strong>. Se trata de un&nbsp;<strong>modelo largu\u00edsimo y asim\u00e9trico con picos de diferentes tama\u00f1os y longitudes<\/strong>. La complement\u00f3 con un<em><strong>crop top<\/strong><\/em><strong>&nbsp;de lana tejido en&nbsp;<\/strong><em><strong>off white<\/strong><\/em><strong>, estilo saquito-chal<\/strong>, con botones transparentes en el delantero.<\/p>\n\n\n\n<figure class=\"wp-block-image\"><img decoding=\"async\" src=\"https:\/\/tn.com.ar\/resizer\/MRPJSc-3TDhE1xx_5YVdgl6Czg8=\/767x0\/smart\/filters:format(webp)\/cloudfront-us-east-1.images.arcpublishing.com\/artear\/2757QAZUHNCV7I6JY4ULEIOSMU.jpg\" alt=\"Tini Stoessel a puro lujo. (Foto: Instagram\/@tinistoessel).\"\/><figcaption class=\"wp-element-caption\">Tini Stoessel a puro lujo. (Foto: Instagram\/@tinistoessel).<\/figcaption><\/figure>\n\n\n\n<p>Por encima del conjunto, se puso una&nbsp;<strong>campera<\/strong><em><strong>&nbsp;puffer&nbsp;<\/strong><\/em><strong>en azul marino&nbsp;<\/strong>bien abrigaday una&nbsp;<strong>bufanda marr\u00f3n oscura<\/strong>. Para el calzado, en tanto, opt\u00f3 por llevar unas&nbsp;<strong>botas bucaneras alt\u00edsimas de cuero en total&nbsp;<\/strong><em><strong>black<\/strong><\/em><strong>&nbsp;con terminaci\u00f3n en punta y taco aguja XXL<\/strong>.<\/p>\n\n\n\n<p>Una<strong>&nbsp;cartera de mano tipo&nbsp;<\/strong><em><strong>minibag<\/strong><\/em><strong>&nbsp;negra firmada por&nbsp;<\/strong><em><strong>Prada<\/strong><\/em>&nbsp;termin\u00f3 por coronar el estilismo que, sin dudas, caus\u00f3 revuelo en la aplicaci\u00f3n de moda y marc\u00f3 tendencia entre los usuarios de internet.<\/p>\n\n\n\n<p>\u00bfEl&nbsp;<em>beauty look<\/em>? Como siempre, la cantante elev\u00f3 la apuesta de moda con un&nbsp;<em>make up<\/em>&nbsp;acorde. Llev\u00f3 los ojos maquillados con&nbsp;<strong>sombras en tonalidades rosadas<\/strong>&nbsp;para la zona de los p\u00e1rpados que acompa\u00f1\u00f3 con un<strong>&nbsp;leve delineado gris estilo<\/strong><em><strong>&nbsp;cat eye<\/strong><\/em>&nbsp;y m\u00e1scara de pesta\u00f1as haciendo juego. Sum\u00f3 tambi\u00e9n al maquillaje algo de<strong>&nbsp;rubor rosado en las mejillas<\/strong>, iluminadores en diferentes partes de la cara y un<em><strong>&nbsp;lipgloss&nbsp;<\/strong><\/em><strong>transparente<\/strong>.<\/p>\n\n\n\n<p>En tan solo 3 horas, el posteo lleg\u00f3 a coleccionar poco m\u00e1s de&nbsp;<strong>650 mil \u201cMe gusta\u201d<\/strong>&nbsp;y casi&nbsp;<strong>8500 comentarios<\/strong>&nbsp;por parte de sus fan\u00e1ticos y admiradores, que no dudaron en dedicarle todo tipo de halagos y elogios. Entre los mensajes que le dejaron sus followers, se destaca el de la cantante&nbsp;<a href=\"https:\/\/tn.com.ar\/estilo\/celebridades\/2024\/03\/12\/emilia-mernes-al-extremo-se-subio-al-escenario-con-corpino-xs-y-una-micromini-cinturon\/\" target=\"_blank\" rel=\"noreferrer noopener\"><strong>Emilia Mernes<\/strong><\/a>, que le escribi\u00f3 con humor: \u201c<strong>La que puede, puede y la que no, soporta<\/strong>\u201d.<\/p>\n\n\n\n<figure class=\"wp-block-image\"><img decoding=\"async\" src=\"https:\/\/tn.com.ar\/resizer\/qB4n-mWIkRzsV4O-woSkLEvVWkI=\/767x0\/smart\/filters:format(webp)\/cloudfront-us-east-1.images.arcpublishing.com\/artear\/MI5EFKUKCNGKVL6XAXYTOOQKYE.jpg\" alt=\"Tini Stoessel arras\u00f3 con su look. (Foto: Instagram\/@tinistoessel).\"\/><\/figure>\n","protected":false},"excerpt":{"rendered":"<p>Tras acaparar los\u00a0flashes\u00a0en la ceremonia del Premio Lo Nuestro con un\u00a0corte de pelo pixie y un vestido transparente,Tini Stoessel\u00a0demuestra que es una\u00a0fashionista\u00a0a tiempo completo. Cuando no est\u00e1 sobre el escenario&hellip; <\/p>\n","protected":false},"author":12,"featured_media":132889,"comment_status":"closed","ping_status":"open","sticky":false,"template":"","format":"standard","meta":{"footnotes":""},"categories":[19],"tags":[],"class_list":["post-132886","post","type-post","status-publish","format-standard","has-post-thumbnail","hentry","category-espectaculos"],"_links":{"self":[{"href":"https:\/\/corrientesdetarde.com\/index.php\/wp-json\/wp\/v2\/posts\/132886","targetHints":{"allow":["GET"]}}],"collection":[{"href":"https:\/\/corrientesdetarde.com\/index.php\/wp-json\/wp\/v2\/posts"}],"about":[{"href":"https:\/\/corrientesdetarde.com\/index.php\/wp-json\/wp\/v2\/types\/post"}],"author":[{"embeddable":true,"href":"https:\/\/corrientesdetarde.com\/index.php\/wp-json\/wp\/v2\/users\/12"}],"replies":[{"embeddable":true,"href":"https:\/\/corrientesdetarde.com\/index.php\/wp-json\/wp\/v2\/comments?post=132886"}],"version-history":[{"count":1,"href":"https:\/\/corrientesdetarde.com\/index.php\/wp-json\/wp\/v2\/posts\/132886\/revisions"}],"predecessor-version":[{"id":132890,"href":"https:\/\/corrientesdetarde.com\/index.php\/wp-json\/wp\/v2\/posts\/132886\/revisions\/132890"}],"wp:featuredmedia":[{"embeddable":true,"href":"https:\/\/corrientesdetarde.com\/index.php\/wp-json\/wp\/v2\/media\/132889"}],"wp:attachment":[{"href":"https:\/\/corrientesdetarde.com\/index.php\/wp-json\/wp\/v2\/media?parent=132886"}],"wp:term":[{"taxonomy":"category","embeddable":true,"href":"https:\/\/corrientesdetarde.com\/index.php\/wp-json\/wp\/v2\/categories?post=132886"},{"taxonomy":"post_tag","embeddable":true,"href":"https:\/\/corrientesdetarde.com\/index.php\/wp-json\/wp\/v2\/tags?post=132886"}],"curies":[{"name":"wp","href":"https:\/\/api.w.org\/{rel}","templated":true}]}}