{"id":132893,"date":"2024-03-15T09:31:24","date_gmt":"2024-03-15T12:31:24","guid":{"rendered":"https:\/\/corrientesdetarde.com\/?p=132893"},"modified":"2024-03-15T09:31:28","modified_gmt":"2024-03-15T12:31:28","slug":"horror-en-cordoba-un-hombre-violo-la-perimetral-y-asesino-a-su-hijo-de-dos-anos","status":"publish","type":"post","link":"https:\/\/corrientesdetarde.com\/index.php\/policiales\/horror-en-cordoba-un-hombre-violo-la-perimetral-y-asesino-a-su-hijo-de-dos-anos\/","title":{"rendered":"Horror en C\u00f3rdoba: un hombre viol\u00f3 la perimetral y asesin\u00f3 a su hijo de dos a\u00f1os"},"content":{"rendered":"\n<p>Un padre rapt\u00f3\u00a0y\u00a0asesin\u00f3\u00a0a su hijo de 2 a\u00f1os tras violar la\u00a0perimetral\u00a0que ten\u00eda en su contra por violencia de g\u00e9nero, en\u00a0<strong>C\u00f3rdoba.\u00a0<\/strong><\/p>\n\n\n\n<p>El estremecedor caso ocurri\u00f3 este jueves por la tarde en la localidad de\u00a0General Levalle, cuando\u00a0el agresor lleg\u00f3 al hospital zonal y explic\u00f3 que le hab\u00eda disparado a su hijo.<\/p>\n\n\n\n<p>Todo comenz\u00f3 el d\u00eda anterior cuando su expareja y mam\u00e1 de la v\u00edctima&nbsp;lo denunci\u00f3 por violencia de g\u00e9nero, al manifestar que sufr\u00eda constantes agresiones psicol\u00f3gicas. Debido a ello,&nbsp;una jueza le otorg\u00f3 una&nbsp;orden de restricci\u00f3n al acusado.&nbsp;<\/p>\n\n\n\n<p>Bajo&nbsp;reiteradas amenazas, el hombre se acerc\u00f3 hasta el domicilio de la mujer y&nbsp;se llev\u00f3&nbsp;al menor de edad.&nbsp;Minutos despu\u00e9s el sujeto&nbsp;lo&nbsp;<strong>asesin\u00f3<\/strong>&nbsp;de un tiro en la cabeza y luego intent\u00f3 quitarse la vida.<\/p>\n\n\n\n<p>Sin embargo, eso no sucedi\u00f3.\u00a0El disparo\u00a0no sali\u00f3, y ante este\u00a0escenario\u00a0llev\u00f3 al nene hasta el hospital zonal, donde decidieron trasladarlo hasta el establecimiento San Antonio de Padua de\u00a0R\u00edo Cuarto.<\/p>\n\n\n\n<p>En el lugar los m\u00e9dicos constataron la&nbsp;muerte del peque\u00f1o, en tanto que el hombre qued\u00f3 detenido tras confesar el crimen.&nbsp;<\/p>\n\n\n\n<p>La investigaci\u00f3n qued\u00f3 en manos de la Polic\u00eda Departamental de R\u00edo Cuarto,&nbsp;<strong>C\u00f3rdoba.&nbsp;<\/strong><\/p>\n","protected":false},"excerpt":{"rendered":"<p>Un padre rapt\u00f3\u00a0y\u00a0asesin\u00f3\u00a0a su hijo de 2 a\u00f1os tras violar la\u00a0perimetral\u00a0que ten\u00eda en su contra por violencia de g\u00e9nero, en\u00a0C\u00f3rdoba.\u00a0 El estremecedor caso ocurri\u00f3 este jueves por la tarde en&hellip; <\/p>\n","protected":false},"author":12,"featured_media":132895,"comment_status":"closed","ping_status":"open","sticky":false,"template":"","format":"standard","meta":{"footnotes":""},"categories":[33],"tags":[],"class_list":["post-132893","post","type-post","status-publish","format-standard","has-post-thumbnail","hentry","category-policiales"],"_links":{"self":[{"href":"https:\/\/corrientesdetarde.com\/index.php\/wp-json\/wp\/v2\/posts\/132893","targetHints":{"allow":["GET"]}}],"collection":[{"href":"https:\/\/corrientesdetarde.com\/index.php\/wp-json\/wp\/v2\/posts"}],"about":[{"href":"https:\/\/corrientesdetarde.com\/index.php\/wp-json\/wp\/v2\/types\/post"}],"author":[{"embeddable":true,"href":"https:\/\/corrientesdetarde.com\/index.php\/wp-json\/wp\/v2\/users\/12"}],"replies":[{"embeddable":true,"href":"https:\/\/corrientesdetarde.com\/index.php\/wp-json\/wp\/v2\/comments?post=132893"}],"version-history":[{"count":1,"href":"https:\/\/corrientesdetarde.com\/index.php\/wp-json\/wp\/v2\/posts\/132893\/revisions"}],"predecessor-version":[{"id":132896,"href":"https:\/\/corrientesdetarde.com\/index.php\/wp-json\/wp\/v2\/posts\/132893\/revisions\/132896"}],"wp:featuredmedia":[{"embeddable":true,"href":"https:\/\/corrientesdetarde.com\/index.php\/wp-json\/wp\/v2\/media\/132895"}],"wp:attachment":[{"href":"https:\/\/corrientesdetarde.com\/index.php\/wp-json\/wp\/v2\/media?parent=132893"}],"wp:term":[{"taxonomy":"category","embeddable":true,"href":"https:\/\/corrientesdetarde.com\/index.php\/wp-json\/wp\/v2\/categories?post=132893"},{"taxonomy":"post_tag","embeddable":true,"href":"https:\/\/corrientesdetarde.com\/index.php\/wp-json\/wp\/v2\/tags?post=132893"}],"curies":[{"name":"wp","href":"https:\/\/api.w.org\/{rel}","templated":true}]}}