{"id":132897,"date":"2024-03-15T09:59:06","date_gmt":"2024-03-15T12:59:06","guid":{"rendered":"https:\/\/corrientesdetarde.com\/?p=132897"},"modified":"2024-03-15T13:23:09","modified_gmt":"2024-03-15T16:23:09","slug":"mesa-ejecutiva-del-parlamento-del-norte-grande-argentino-contra-el-narcoterrorismo-santafesino","status":"publish","type":"post","link":"https:\/\/corrientesdetarde.com\/index.php\/locales\/mesa-ejecutiva-del-parlamento-del-norte-grande-argentino-contra-el-narcoterrorismo-santafesino\/","title":{"rendered":"MESA EJECUTIVA DEL PARLAMENTO DEL NORTE GRANDE ARGENTINO CONTRA EL NARCOTERRORISMO SANTAFESINO"},"content":{"rendered":"\n<p>El Vicegobernador Pedro Braillard Poccard particip\u00f3 los d\u00edas mi\u00e9rcoles y jueves en Santiago del Estero de las reuniones que llev\u00f3 adelante la Mesa Ejecutiva del Parlamento del Norte Grande Argentino, junto a los vicegobernadores de las Provincias que lo integran para abordar y trabajar en conjunto en las problem\u00e1ticas y necesidades de la regi\u00f3n<br>Bajo la consigna \u201cFederalismo en Acci\u00f3n por una Argentina Unida\u201d, el Vicegobernador celebr\u00f3 la realizaci\u00f3n de la Mesa Ejecutiva para profundizar en el contexto tanto regional y nacional que atraviesa el pa\u00eds.<\/p>\n\n\n\n<p>&#8220;Fue un encuentro positivo, en el cual prevaleci\u00f3 principalmente el respeto y la buena voluntad\u201d , Braillard Poccard tambi\u00e9n destac\u00f3 en el marco de este encuentro como los representantes de las provincias decidieron solidarizarse con el pueblo santafesino y sus gobernantes en la dif\u00edcil situaci\u00f3n que esta atravesando la Ciudad: \u201cEs de vital importancia acompa\u00f1ar en lucha contra el narcoterrorismo\u201d, manifest\u00f3.<\/p>\n\n\n\n\r\n\t<div class=\"msacwl-slider-wrap msacwl-row-clearfix \" data-conf=\"{&quot;autoplay&quot;:&quot;true&quot;,&quot;autoplay_speed&quot;:3000,&quot;speed&quot;:300,&quot;arrows&quot;:&quot;true&quot;,&quot;dots&quot;:&quot;true&quot;,&quot;lazyload&quot;:&quot;&quot;}\">\r\n\t\t<div id=\"msacwl-slider-1\" class=\"msacwl-slider msacwl-common-slider msacwl-slider-popup\">\r\n\t\t\t\t\t\t<div class=\"msacwl-slide\" data-item-index=\"1\" >\r\n\t\t\t\t<a class=\"msacwl-img-link\" href=\"javascript:void(0);\" data-mfp-src=\"https:\/\/corrientesdetarde.com\/wp-content\/uploads\/2024\/03\/IMG-20240315-WA0008.jpg\">\r\n\t\t\t\t\t<img decoding=\"async\" class=\"msacwl-img\" src=\"https:\/\/corrientesdetarde.com\/wp-content\/uploads\/2024\/03\/IMG-20240315-WA0008.jpg\"  data-title=\"\" alt=\"\" \/>\r\n\t\t\t\t<\/a>\r\n\t\t\t\t\t\t\t\t\t<div class=\"msacwl-gallery-caption\">\r\n\t\t\t\t\t\t\t\t\t\t\t\t\t<span class=\"image_title\"><\/span>\r\n\t\t\t\t\t\t\t\t\t\t\t\t\t<span><\/span>\r\n\t\t\t\t\t\t \t\t\t\t\t<\/div>\r\n\t\t\t\t\t\t\t<\/div>\r\n\t\t\t\t\t\t<div class=\"msacwl-slide\" data-item-index=\"2\" >\r\n\t\t\t\t<a class=\"msacwl-img-link\" href=\"javascript:void(0);\" data-mfp-src=\"https:\/\/corrientesdetarde.com\/wp-content\/uploads\/2024\/03\/IMG-20240315-WA0007.jpg\">\r\n\t\t\t\t\t<img decoding=\"async\" class=\"msacwl-img\" src=\"https:\/\/corrientesdetarde.com\/wp-content\/uploads\/2024\/03\/IMG-20240315-WA0007.jpg\"  data-title=\"\" alt=\"\" \/>\r\n\t\t\t\t<\/a>\r\n\t\t\t\t\t\t\t\t\t<div class=\"msacwl-gallery-caption\">\r\n\t\t\t\t\t\t\t\t\t\t\t\t\t<span class=\"image_title\"><\/span>\r\n\t\t\t\t\t\t\t\t\t\t\t\t\t<span><\/span>\r\n\t\t\t\t\t\t \t\t\t\t\t<\/div>\r\n\t\t\t\t\t\t\t<\/div>\r\n\t\t\t\t\t\t<div class=\"msacwl-slide\" data-item-index=\"3\" >\r\n\t\t\t\t<a class=\"msacwl-img-link\" href=\"javascript:void(0);\" data-mfp-src=\"https:\/\/corrientesdetarde.com\/wp-content\/uploads\/2024\/03\/IMG-20240315-WA0005.jpg\">\r\n\t\t\t\t\t<img decoding=\"async\" class=\"msacwl-img\" src=\"https:\/\/corrientesdetarde.com\/wp-content\/uploads\/2024\/03\/IMG-20240315-WA0005.jpg\"  data-title=\"\" alt=\"\" \/>\r\n\t\t\t\t<\/a>\r\n\t\t\t\t\t\t\t\t\t<div class=\"msacwl-gallery-caption\">\r\n\t\t\t\t\t\t\t\t\t\t\t\t\t<span class=\"image_title\"><\/span>\r\n\t\t\t\t\t\t\t\t\t\t\t\t\t<span><\/span>\r\n\t\t\t\t\t\t \t\t\t\t\t<\/div>\r\n\t\t\t\t\t\t\t<\/div>\r\n\t\t\t\t\t\t<div class=\"msacwl-slide\" data-item-index=\"4\" >\r\n\t\t\t\t<a class=\"msacwl-img-link\" href=\"javascript:void(0);\" data-mfp-src=\"https:\/\/corrientesdetarde.com\/wp-content\/uploads\/2024\/03\/IMG-20240315-WA0006.jpg\">\r\n\t\t\t\t\t<img decoding=\"async\" class=\"msacwl-img\" src=\"https:\/\/corrientesdetarde.com\/wp-content\/uploads\/2024\/03\/IMG-20240315-WA0006.jpg\"  data-title=\"\" alt=\"\" \/>\r\n\t\t\t\t<\/a>\r\n\t\t\t\t\t\t\t\t\t<div class=\"msacwl-gallery-caption\">\r\n\t\t\t\t\t\t\t\t\t\t\t\t\t<span class=\"image_title\"><\/span>\r\n\t\t\t\t\t\t\t\t\t\t\t\t\t<span><\/span>\r\n\t\t\t\t\t\t \t\t\t\t\t<\/div>\r\n\t\t\t\t\t\t\t<\/div>\r\n\t\t\t\t\t<\/div>\r\n\t<\/div>\r\n\r\n\t\n","protected":false},"excerpt":{"rendered":"<p>El Vicegobernador Pedro Braillard Poccard particip\u00f3 los d\u00edas mi\u00e9rcoles y jueves en Santiago del Estero de las reuniones que llev\u00f3 adelante la Mesa Ejecutiva del Parlamento del Norte Grande Argentino,&hellip; <\/p>\n","protected":false},"author":1,"featured_media":132900,"comment_status":"closed","ping_status":"open","sticky":false,"template":"","format":"standard","meta":{"footnotes":""},"categories":[23,8],"tags":[],"class_list":["post-132897","post","type-post","status-publish","format-standard","has-post-thumbnail","hentry","category-actualidad","category-locales"],"_links":{"self":[{"href":"https:\/\/corrientesdetarde.com\/index.php\/wp-json\/wp\/v2\/posts\/132897","targetHints":{"allow":["GET"]}}],"collection":[{"href":"https:\/\/corrientesdetarde.com\/index.php\/wp-json\/wp\/v2\/posts"}],"about":[{"href":"https:\/\/corrientesdetarde.com\/index.php\/wp-json\/wp\/v2\/types\/post"}],"author":[{"embeddable":true,"href":"https:\/\/corrientesdetarde.com\/index.php\/wp-json\/wp\/v2\/users\/1"}],"replies":[{"embeddable":true,"href":"https:\/\/corrientesdetarde.com\/index.php\/wp-json\/wp\/v2\/comments?post=132897"}],"version-history":[{"count":1,"href":"https:\/\/corrientesdetarde.com\/index.php\/wp-json\/wp\/v2\/posts\/132897\/revisions"}],"predecessor-version":[{"id":132904,"href":"https:\/\/corrientesdetarde.com\/index.php\/wp-json\/wp\/v2\/posts\/132897\/revisions\/132904"}],"wp:featuredmedia":[{"embeddable":true,"href":"https:\/\/corrientesdetarde.com\/index.php\/wp-json\/wp\/v2\/media\/132900"}],"wp:attachment":[{"href":"https:\/\/corrientesdetarde.com\/index.php\/wp-json\/wp\/v2\/media?parent=132897"}],"wp:term":[{"taxonomy":"category","embeddable":true,"href":"https:\/\/corrientesdetarde.com\/index.php\/wp-json\/wp\/v2\/categories?post=132897"},{"taxonomy":"post_tag","embeddable":true,"href":"https:\/\/corrientesdetarde.com\/index.php\/wp-json\/wp\/v2\/tags?post=132897"}],"curies":[{"name":"wp","href":"https:\/\/api.w.org\/{rel}","templated":true}]}}