{"id":132905,"date":"2024-03-15T10:12:43","date_gmt":"2024-03-15T13:12:43","guid":{"rendered":"https:\/\/corrientesdetarde.com\/?p=132905"},"modified":"2024-03-15T10:12:46","modified_gmt":"2024-03-15T13:12:46","slug":"losuteau-defendio-su-rechazo-al-dnu-casi-todos-los-radicales-dicen-que-es-inconstitucional-y-una-barbaridad","status":"publish","type":"post","link":"https:\/\/corrientesdetarde.com\/index.php\/politica\/losuteau-defendio-su-rechazo-al-dnu-casi-todos-los-radicales-dicen-que-es-inconstitucional-y-una-barbaridad\/","title":{"rendered":"Losuteau defendi\u00f3 su rechaz\u00f3 al DNU: &#8220;casi todos los radicales dicen que es inconstitucional y una barbaridad&#8221;"},"content":{"rendered":"\n<p>La sesi\u00f3n en la C\u00e1mara de Senadores en la que se rechaz\u00f3 el Decreto de Necesidad y Urgencia 70\/2023 dispar\u00f3 una serie de pol\u00e9micas y cruces tanto dentro del oficialismo como en la oposici\u00f3n, donde el foco estuvo puesto en el presidente de la UCR, Mart\u00edn Lousteau, quien junto al fueguino Pablo Blanco fueron los \u00fanicos dos radicales que votaron en contra de la iniciativa oficial.<\/p>\n\n\n\n<p>Horas despu\u00e9s de la votaci\u00f3n, en la que el DNU fue rechazado con 42 votos negativos y 25 a favor, el exministro de Econom\u00eda de Cristina Kirchner defendi\u00f3 su posici\u00f3n y apunt\u00f3 contra sus pares radicales, de quienes dijo que en privado piensan una cosa pero despu\u00e9s votan otra.<\/p>\n\n\n\n<p>&#8220;El decreto es inconstitucional de arriba para abajo, ni siquiera los propios considerandos del decreto explican cu\u00e1l es la necesidad o la urgencia&#8221;, comenz\u00f3 Lousteau hoy al explicar su voto en contra.<\/p>\n\n\n\n<p>Durante una entrevista en Radio Con Vos, el senador, quien en diciembre pasado asumi\u00f3 como nuevo presidente de la UCR, afirm\u00f3 que la posici\u00f3n de su partido es de rechazo del DNU, a pesar de que ayer, salvo \u00e9l y Blanco, el resto de los legisladores radicales apoyaron el DNU o se abstuvieron. En ese marco, revel\u00f3 que, en privado, &#8220;casi todos&#8221; los diputados y senadores radicales rechazan el decreto.<\/p>\n\n\n\n<p>&#8220;Una cosa es la postura que tienen los radicales puertas adentro y otra cosa es cuando van y votan. Puertas adentro, todos o casi todos dicen que es inconstitucional y que es una barbaridad. Y despu\u00e9s votan distinto. Algunos porque genuinamente habr\u00e1n cambiado de posici\u00f3n, otros por conveniencia y otros por temor, porque este es un Gobierno que amedrenta, que amenaza, que infunde temor&#8221;, apunt\u00f3.<\/p>\n\n\n\n<p>En ese sentido, dijo que &#8220;cada dirigente tiene que hacerse cargo&#8221;, aunque advirti\u00f3 que &#8220;si un dirigente tiene miedo por lo que despu\u00e9s le digan en un tuit, en la calle o en un medio af\u00edn (al Gobierno), despu\u00e9s c\u00f3mo proponen que hay que cambiar la Argentina con los debates que realmente hay que dar&#8221;.<\/p>\n\n\n\n<p>&#8220;\u00bfCu\u00e1ntos radicales han escuchado ustedes llenarse la boca con el estado de derecho, la rep\u00fablica y la institucionalidad? \u00bfY a muchos del PRO que dicen que eso es fundamental para el desarrollo? Ahora resulta que no. Desde el principio, apenas Milei mand\u00f3 el DNU, el partido radical dijo \u2018mande una ley espejo porque esto no puede ser aprobado as\u00ed\u2019. Como Milei no la mand\u00f3, dos radicales, Carolina Losada en el Senado y Mart\u00edn Tetaz en Diputados, mandaron ellos una ley espejo para que se pueda votar por parte. Hay presentados proyectos de ley de casi todas las cosas que tiene el DNU, pero tampoco quieren tratar las leyes&#8221;, a\u00f1adi\u00f3 Lousteau.<\/p>\n","protected":false},"excerpt":{"rendered":"<p>La sesi\u00f3n en la C\u00e1mara de Senadores en la que se rechaz\u00f3 el Decreto de Necesidad y Urgencia 70\/2023 dispar\u00f3 una serie de pol\u00e9micas y cruces tanto dentro del oficialismo&hellip; <\/p>\n","protected":false},"author":12,"featured_media":132911,"comment_status":"closed","ping_status":"open","sticky":false,"template":"","format":"standard","meta":{"footnotes":""},"categories":[3],"tags":[],"class_list":["post-132905","post","type-post","status-publish","format-standard","has-post-thumbnail","hentry","category-politica"],"_links":{"self":[{"href":"https:\/\/corrientesdetarde.com\/index.php\/wp-json\/wp\/v2\/posts\/132905","targetHints":{"allow":["GET"]}}],"collection":[{"href":"https:\/\/corrientesdetarde.com\/index.php\/wp-json\/wp\/v2\/posts"}],"about":[{"href":"https:\/\/corrientesdetarde.com\/index.php\/wp-json\/wp\/v2\/types\/post"}],"author":[{"embeddable":true,"href":"https:\/\/corrientesdetarde.com\/index.php\/wp-json\/wp\/v2\/users\/12"}],"replies":[{"embeddable":true,"href":"https:\/\/corrientesdetarde.com\/index.php\/wp-json\/wp\/v2\/comments?post=132905"}],"version-history":[{"count":1,"href":"https:\/\/corrientesdetarde.com\/index.php\/wp-json\/wp\/v2\/posts\/132905\/revisions"}],"predecessor-version":[{"id":132912,"href":"https:\/\/corrientesdetarde.com\/index.php\/wp-json\/wp\/v2\/posts\/132905\/revisions\/132912"}],"wp:featuredmedia":[{"embeddable":true,"href":"https:\/\/corrientesdetarde.com\/index.php\/wp-json\/wp\/v2\/media\/132911"}],"wp:attachment":[{"href":"https:\/\/corrientesdetarde.com\/index.php\/wp-json\/wp\/v2\/media?parent=132905"}],"wp:term":[{"taxonomy":"category","embeddable":true,"href":"https:\/\/corrientesdetarde.com\/index.php\/wp-json\/wp\/v2\/categories?post=132905"},{"taxonomy":"post_tag","embeddable":true,"href":"https:\/\/corrientesdetarde.com\/index.php\/wp-json\/wp\/v2\/tags?post=132905"}],"curies":[{"name":"wp","href":"https:\/\/api.w.org\/{rel}","templated":true}]}}