{"id":132908,"date":"2024-03-15T10:15:39","date_gmt":"2024-03-15T13:15:39","guid":{"rendered":"https:\/\/corrientesdetarde.com\/?p=132908"},"modified":"2024-03-15T10:15:51","modified_gmt":"2024-03-15T13:15:51","slug":"para-javier-milei-el-rechazo-al-dnu-es-un-intento-de-socavar-el-pacto-de-mayo","status":"publish","type":"post","link":"https:\/\/corrientesdetarde.com\/index.php\/politica\/para-javier-milei-el-rechazo-al-dnu-es-un-intento-de-socavar-el-pacto-de-mayo\/","title":{"rendered":"Para Javier Milei el rechazo al DNU es un &#8220;intento de socavar el Pacto de Mayo&#8221;"},"content":{"rendered":"\n<p>Luego del rechazo del DNU 70\/23 en el Senado, el presidente Javier Milei cuestion\u00f3 la decisi\u00f3n de los legisladores y apunt\u00f3 que se trata de &#8220;un intento de socavar el Pacto de Mayo, el Gobierno Nacional y el cambio elegido por los argentinos&#8221; y advirti\u00f3 sobre una posible &#8220;confrontaci\u00f3n&#8221;.<\/p>\n\n\n\n<p>En un comunicado emitido por la Oficina del Presidente, remarcaron que &#8220;en su discurso acerca del estado de la Naci\u00f3n, el Presidente plante\u00f3 dos alternativas: el acuerdo o la confrontaci\u00f3n. Ha llegado el momento de que la clase pol\u00edtica decida de qu\u00e9 lado de la historia quiere quedar&#8221;.<\/p>\n\n\n\n<p>Seg\u00fan consideraron desde el Gobierno en el mismo texto, el Pacto de Mayo lograr\u00e1 &#8220;rescatar a Argentina de la senda del fracaso y reinsert\u00e1ndola en el camino necesario para volver a ser una potencia mundial&#8221;, aunque se\u00f1alaron que para lograrlo es necesaria &#8220;la buena voluntad de todos los sectores de la vida pol\u00edtica nacional&#8221;.<\/p>\n\n\n\n<p>En ese sentido, cuestionaron la decisi\u00f3n del Senado y consideraron que el rechazo del DNU en la C\u00e1mara alta &#8220;atenta contra la convocatoria del Presidente&#8221;. A su vez, se\u00f1alaron que &#8220;la misma C\u00e1mara ha habilitado casi 500 Decretos de Necesidad y Urgencia del kirchnerismo&#8221;.<br><br>Luego de una larga sesi\u00f3n, el Senado rechaz\u00f3 el DNU 70\/23 promulgado en diciembre por el presidente Javier Milei. Si bien todav\u00eda resta la decisi\u00f3n de Diputados para determinar el futuro de la norma, el rev\u00e9s para el Gobierno fue hist\u00f3rico ya que por primera vez, la C\u00e1mara alta no aprueba un Decreto de Necesidad y Urgencia.<\/p>\n\n\n\n<p>Con 42 votos en contra y 25 a favor, el oficialismo obtuvo su segundo gran traspi\u00e9 legislativo, tras la ca\u00edda de la ley \u00f3mnibus, y pone sus fichas en el visto bueno de la C\u00e1mara baja.<\/p>\n\n\n\n<p>El escenario en Diputados es mucho m\u00e1s difuso que en el Senado, porque pese a que Uni\u00f3n por la Patria es el bloque mayoritario con 99 diputados su posici\u00f3n no es igual de s\u00f3lida en la C\u00e1mara Baja, donde se precisan 129 votos para la mayor\u00eda. Las gestualidades de los legisladores referenciados con sus gobernadores -tucumanos, entrerrianos, cordobeses, misioneros, salte\u00f1os-, que no dieron qu\u00f3rum en la \u00faltima sesi\u00f3n a pedido del Gobierno nacional y no difunden posicionamiento org\u00e1nico, abonan a la incertidumbre.<\/p>\n","protected":false},"excerpt":{"rendered":"<p>Luego del rechazo del DNU 70\/23 en el Senado, el presidente Javier Milei cuestion\u00f3 la decisi\u00f3n de los legisladores y apunt\u00f3 que se trata de &#8220;un intento de socavar el&hellip; <\/p>\n","protected":false},"author":12,"featured_media":132915,"comment_status":"closed","ping_status":"open","sticky":false,"template":"","format":"standard","meta":{"footnotes":""},"categories":[3],"tags":[],"class_list":["post-132908","post","type-post","status-publish","format-standard","has-post-thumbnail","hentry","category-politica"],"_links":{"self":[{"href":"https:\/\/corrientesdetarde.com\/index.php\/wp-json\/wp\/v2\/posts\/132908","targetHints":{"allow":["GET"]}}],"collection":[{"href":"https:\/\/corrientesdetarde.com\/index.php\/wp-json\/wp\/v2\/posts"}],"about":[{"href":"https:\/\/corrientesdetarde.com\/index.php\/wp-json\/wp\/v2\/types\/post"}],"author":[{"embeddable":true,"href":"https:\/\/corrientesdetarde.com\/index.php\/wp-json\/wp\/v2\/users\/12"}],"replies":[{"embeddable":true,"href":"https:\/\/corrientesdetarde.com\/index.php\/wp-json\/wp\/v2\/comments?post=132908"}],"version-history":[{"count":1,"href":"https:\/\/corrientesdetarde.com\/index.php\/wp-json\/wp\/v2\/posts\/132908\/revisions"}],"predecessor-version":[{"id":132916,"href":"https:\/\/corrientesdetarde.com\/index.php\/wp-json\/wp\/v2\/posts\/132908\/revisions\/132916"}],"wp:featuredmedia":[{"embeddable":true,"href":"https:\/\/corrientesdetarde.com\/index.php\/wp-json\/wp\/v2\/media\/132915"}],"wp:attachment":[{"href":"https:\/\/corrientesdetarde.com\/index.php\/wp-json\/wp\/v2\/media?parent=132908"}],"wp:term":[{"taxonomy":"category","embeddable":true,"href":"https:\/\/corrientesdetarde.com\/index.php\/wp-json\/wp\/v2\/categories?post=132908"},{"taxonomy":"post_tag","embeddable":true,"href":"https:\/\/corrientesdetarde.com\/index.php\/wp-json\/wp\/v2\/tags?post=132908"}],"curies":[{"name":"wp","href":"https:\/\/api.w.org\/{rel}","templated":true}]}}