{"id":132926,"date":"2024-03-15T11:02:26","date_gmt":"2024-03-15T14:02:26","guid":{"rendered":"https:\/\/corrientesdetarde.com\/?p=132926"},"modified":"2024-03-15T11:02:29","modified_gmt":"2024-03-15T14:02:29","slug":"meghan-markle-presento-su-nueva-marca-y-estallo-el-escandalo-por-lady-di","status":"publish","type":"post","link":"https:\/\/corrientesdetarde.com\/index.php\/informacion-general\/meghan-markle-presento-su-nueva-marca-y-estallo-el-escandalo-por-lady-di\/","title":{"rendered":"Meghan Markle present\u00f3 su nueva marca y estall\u00f3 el esc\u00e1ndalo por Lady Di"},"content":{"rendered":"\n<p>En medio de rumores y teor\u00edas conspirativas acerca de\u00a0<strong>la salud de Kate Middleton,<\/strong>\u00a0los miembros de la\u00a0corona brit\u00e1nica\u00a0vuelven a dar de qu\u00e9 hablar. En las \u00faltimas horas,\u00a0<strong>Meghan Markle<\/strong>\u00a0(esposa del pr\u00edncipe Harry, con quien renunci\u00f3 a sus cargos hace 4 a\u00f1os), anunci\u00f3 el lanzamiento de<strong>\u00a0su marca de\u00a0<\/strong><em><strong>lifestyle<\/strong><\/em><strong>,\u00a0<\/strong>American Riviera Orchad. \u00bfEl problema? La noticia\u00a0<strong>coincidi\u00f3 con la presencia de su cu\u00f1ado, el pr\u00edncipe William, en los Diana Legacy Awards.<\/strong><\/p>\n\n\n\n<p>Todo empez\u00f3 cuando una nueva cuenta de Instagram empez\u00f3 a circular en las redes sociales. La biograf\u00eda de la p\u00e1gina dice que la marca es \u201cde Meghan, la duquesa de Sussex\u2063\u2063\u2063\u201d y tiene un<strong>&nbsp;enlace a un sitio web que invita a unirse a un&nbsp;<\/strong><em><strong>newsletter<\/strong><\/em><strong>.<\/strong><\/p>\n\n\n\n<p>Expertos de la industria revelaron al sitio<em>&nbsp;Page Six&nbsp;<\/em>que la marca se centrar\u00e1 en<strong>&nbsp;productos para el hogar, alimentos, jardiner\u00eda y estilo de vida.&nbsp;<\/strong>\u201cHa estado trabajando en esto durante m\u00e1s de un a\u00f1o y son todas las cosas que est\u00e1n cerca de su coraz\u00f3n, todas las cosas que le apasionan\u201d.<\/p>\n\n\n\n<figure class=\"wp-block-image\"><img decoding=\"async\" src=\"https:\/\/tn.com.ar\/resizer\/ov-FltQD0utHRbAwWpLWxAMS0-M=\/767x0\/smart\/filters:format(webp)\/cloudfront-us-east-1.images.arcpublishing.com\/artear\/LSYBCF4ZYZBFTFSTGHAIHHX254.png\" alt=\"El perfil de Instagram de la nueva marca de estilo de vida de Meghan Markle. (Foto: Instagram\/@americanrivieraorchard)\"\/><figcaption class=\"wp-element-caption\">El perfil de Instagram de la nueva marca de estilo de vida de Meghan Markle. (Foto: Instagram\/@americanrivieraorchard)<\/figcaption><\/figure>\n\n\n\n<p>La noticia del lanzamiento del nuevo emprendimiento de Markle coincidi\u00f3 con la celebraci\u00f3n de los<strong>&nbsp;Diana Legacy Awards<\/strong>, un evento para homenajear el legado de la princesa al que William no solo asisti\u00f3, sino que se subi\u00f3 al escenario para dar&nbsp;<strong>un conmovedor discurso en honor a su difunta madre.<\/strong><\/p>\n\n\n\n<figure class=\"wp-block-image\"><img decoding=\"async\" src=\"https:\/\/tn.com.ar\/resizer\/qv85k8XDiQTSjNmQI_DLnBt_X40=\/767x0\/smart\/filters:format(webp)\/cloudfront-us-east-1.images.arcpublishing.com\/artear\/JQ73PGSJUFH3FAZKEPN2NDNADE.jpg\" alt=\"El pr\u00edncipe William homenaje\u00f3 a Lady Di en los Diana Legacy Awards. (Foto: Instagram\/@princeandprincessofwales\"\/><figcaption class=\"wp-element-caption\">El pr\u00edncipe William homenaje\u00f3 a Lady Di en los Diana Legacy Awards. (Foto: Instagram\/@princeandprincessofwales<\/figcaption><\/figure>\n\n\n\n<h2 class=\"wp-block-heading\">Un segundo anuncio que descoloc\u00f3 a los expertos en realeza<\/h2>\n\n\n\n<p>Cuando el pr\u00edncipe William todav\u00eda estaba en el evento, su hermano&nbsp;<strong>Harry y Meghan Markle<\/strong>&nbsp;volvieron a acaparar los focos al&nbsp;<strong>anunciar a los ganadores de un premio de 100 mil d\u00f3lares por los Derechos Civiles Digitales otorgado por la Fundaci\u00f3n Archewell.<\/strong><\/p>\n\n\n\n<figure class=\"wp-block-image\"><img decoding=\"async\" src=\"https:\/\/tn.com.ar\/resizer\/kY8BJfrnfWhjbONChNvIF_gsep4=\/767x0\/smart\/filters:format(webp)\/cloudfront-us-east-1.images.arcpublishing.com\/artear\/XZJSQDMYUNHLNYLB3V543FPQUQ.jpg\" alt=\"El pr\u00edncipe Harry y Meghan Markle, en el ojo p\u00fablico. (Foto: REUTERS\/Piroschka Van De Wouw)\"\/><figcaption class=\"wp-element-caption\">El pr\u00edncipe Harry y Meghan Markle, en el ojo p\u00fablico. (Foto: REUTERS\/Piroschka Van De Wouw)Por:&nbsp;<strong>REUTERS<\/strong><\/figcaption><\/figure>\n\n\n\n<p>La coincidencia entre los acontecimientos ha sido cuestionado por expertos reales, y un especialista dijo a&nbsp;<em>MailOnline<\/em>:&nbsp;<strong>\u201cEn mi opini\u00f3n, los Sussex no hacen nada por accidente\u201d.&nbsp;<\/strong>Este anuncio no solo llega en medio del esc\u00e1ndalo por la salud de Kate Middleton, sino que se suma a una serie de esc\u00e1ndalos de los duques de Sussex desde que renunciaron a la corona.<\/p>\n","protected":false},"excerpt":{"rendered":"<p>En medio de rumores y teor\u00edas conspirativas acerca de\u00a0la salud de Kate Middleton,\u00a0los miembros de la\u00a0corona brit\u00e1nica\u00a0vuelven a dar de qu\u00e9 hablar. En las \u00faltimas horas,\u00a0Meghan Markle\u00a0(esposa del pr\u00edncipe Harry,&hellip; <\/p>\n","protected":false},"author":12,"featured_media":132901,"comment_status":"closed","ping_status":"open","sticky":false,"template":"","format":"standard","meta":{"footnotes":""},"categories":[19,1],"tags":[],"class_list":["post-132926","post","type-post","status-publish","format-standard","has-post-thumbnail","hentry","category-espectaculos","category-informacion-general"],"_links":{"self":[{"href":"https:\/\/corrientesdetarde.com\/index.php\/wp-json\/wp\/v2\/posts\/132926","targetHints":{"allow":["GET"]}}],"collection":[{"href":"https:\/\/corrientesdetarde.com\/index.php\/wp-json\/wp\/v2\/posts"}],"about":[{"href":"https:\/\/corrientesdetarde.com\/index.php\/wp-json\/wp\/v2\/types\/post"}],"author":[{"embeddable":true,"href":"https:\/\/corrientesdetarde.com\/index.php\/wp-json\/wp\/v2\/users\/12"}],"replies":[{"embeddable":true,"href":"https:\/\/corrientesdetarde.com\/index.php\/wp-json\/wp\/v2\/comments?post=132926"}],"version-history":[{"count":1,"href":"https:\/\/corrientesdetarde.com\/index.php\/wp-json\/wp\/v2\/posts\/132926\/revisions"}],"predecessor-version":[{"id":132939,"href":"https:\/\/corrientesdetarde.com\/index.php\/wp-json\/wp\/v2\/posts\/132926\/revisions\/132939"}],"wp:featuredmedia":[{"embeddable":true,"href":"https:\/\/corrientesdetarde.com\/index.php\/wp-json\/wp\/v2\/media\/132901"}],"wp:attachment":[{"href":"https:\/\/corrientesdetarde.com\/index.php\/wp-json\/wp\/v2\/media?parent=132926"}],"wp:term":[{"taxonomy":"category","embeddable":true,"href":"https:\/\/corrientesdetarde.com\/index.php\/wp-json\/wp\/v2\/categories?post=132926"},{"taxonomy":"post_tag","embeddable":true,"href":"https:\/\/corrientesdetarde.com\/index.php\/wp-json\/wp\/v2\/tags?post=132926"}],"curies":[{"name":"wp","href":"https:\/\/api.w.org\/{rel}","templated":true}]}}