{"id":132944,"date":"2024-03-15T11:36:05","date_gmt":"2024-03-15T14:36:05","guid":{"rendered":"https:\/\/corrientesdetarde.com\/?p=132944"},"modified":"2024-03-15T11:36:16","modified_gmt":"2024-03-15T14:36:16","slug":"el-gobernador-valdes-participo-del-tercer-encuentro-de-areas-mujer-de-la-provincia","status":"publish","type":"post","link":"https:\/\/corrientesdetarde.com\/index.php\/destacados\/el-gobernador-valdes-participo-del-tercer-encuentro-de-areas-mujer-de-la-provincia\/","title":{"rendered":"El gobernador Vald\u00e9s particip\u00f3 del tercer Encuentro de \u00c1reas Mujer de la Provincia"},"content":{"rendered":"\n<p><\/p>\n\n\n\n<p>El Gobernador Gustavo Vald\u00e9s encabez\u00f3 la apertura del tercer Encuentro de \u00c1reas Mujer de la Provincia que se realiz\u00f3 este viernes en el sal\u00f3n El Santo del Club San Mart\u00edn, organizado por el Consejo Provincial de la Mujer.<\/p>\n\n\n\n<p>El objetivo del Encuentro fue coordinar pol\u00edticas p\u00fablicas en materia de g\u00e9nero para nuestra provincia, para as\u00ed trabajar coordinadamente y poder abordar diferentes tem\u00e1ticas tendientes a dar apoyo, asistencia, contenci\u00f3n y acompa\u00f1amiento a las mujeres que han sufrido alg\u00fan tipo de violencia.<\/p>\n\n\n\n<p>Participaron del mismo, el ministro de Desarrollo Social, Ad\u00e1n Gaya, la presidente del Consejo Provincial de la Mujer, Cecilia Berger, la intendente de Garav\u00ed, Paola Chuquel, viceintendentes del interior provincial, directoras de \u00e1reas de Mujer, trabajadoras sociales, abogadas, psicopedagogas y dem\u00e1s representantes y autoridades de distintos municipios.<\/p>\n\n\n\n<p><strong>Vald\u00e9s: \u201cestamos construyendo propuestas\u201d<\/strong><\/p>\n\n\n\n<p>\u201cEs bueno conectar experiencias a trav\u00e9s de las distintas \u00e1reas Mujer\u201d, porque de esta manera \u201cestamos construyendo propuestas que luego tienen que ser plasmadas en ley, en el caso que falten derechos o garant\u00edas\u201d, expres\u00f3 el gobernador, al dirigirse a las presentes y tomar la palabra.<\/p>\n\n\n\n<p>Vald\u00e9s alent\u00f3 a las asistentes a que \u201cmiren a d\u00f3nde la mujer siente que le falta libertad, a d\u00f3nde siente que tiene una desigualdad, y prop\u00f3nganlo\u201d. \u201cBusquemos lo que hay que cambiar, lo que hay que transformar; para eso sirve este tipo de encuentros\u201d, a\u00f1adi\u00f3 el mismo.<\/p>\n\n\n\n<p>En otro orden de temas, el mandatario consider\u00f3 en este marco, respecto a la pr\u00e1ctica laboral, \u201cque las mujeres trabajan mucho m\u00e1s que los hombres, y se les exige por ah\u00ed mucho m\u00e1s que ellos; y luego terminan relegadas a no tener roles centrales\u201d, por lo que \u201ctenemos que ver c\u00f3mo hacemos para mejorar el sistema desde el Estado\u201d.<\/p>\n\n\n\n<p>Posteriormente, Vald\u00e9s destac\u00f3 que \u201cuna mujer tiene dentro un fuego sagrado, de empuje, de fuerza, de idea y de innovaci\u00f3n\u201d en el \u00e1mbito laboral.<\/p>\n\n\n\n<p>\u201cNo se queden con el \u00fanico logro que tuvimos como gobierno, que fue la paridad de g\u00e9nero; yo creo que hay mucho m\u00e1s por luchar, mucho por construir\u201d, adicion\u00f3 el gobernador, instando a una mayor transformaci\u00f3n.<\/p>\n\n\n\n<p>\u201cEst\u00e1 clara la voluntad pol\u00edtica para ayudarlas a crecer\u201d, dijo en su mensaje a las mujeres correntinas, el gobernador Vald\u00e9s, se\u00f1alando que, si la ley no las cobija, \u201ctenemos que cambiarlas para que ustedes se sientan plenas, libres, con fuerzas y, sobre todo, protegidas\u201d.<\/p>\n\n\n\n<p>A su vez, el mandatario sostuvo que el fin de las pol\u00edticas de estado es \u201cbuscar la libertad, plenitud y felicidad para las mujeres, que sepan que les vamos a dar una mano cuando la necesiten y que no se sientan abandonadas\u201d.<\/p>\n\n\n\n<p>Dirigi\u00e9ndose a las mismas, Vald\u00e9s les pidi\u00f3 que \u201clleven ese liderazgo que cada una de ustedes tienen, al seno de los hogares en cada rinc\u00f3n de la provincia\u201d.<\/p>\n\n\n\n<p>Luego, el gobernador se dio tiempo para expresar que \u201cdurante muchos a\u00f1os vivimos en una sociedad machista y si bien la sociedad ha ido evolucionando, todav\u00eda es mucho lo que hay por hacer para llegar a la igualdad\u201d, agregando que como sociedad \u201cdebemos bregar para que ese cambio ocurra con m\u00e1s fuerza y con mayor rapidez\u201d.<\/p>\n\n\n\n<p>\u201cEs bueno poner sobre la mesa y dar a conocer el trabajo que hace el Consejo Provincial de la Mujer en toda la provincia, coordinar esos esfuerzos es fundamental y central para poder avanzar, con las pol\u00edticas de g\u00e9nero\u201d, enfatiz\u00f3 Vald\u00e9s.<\/p>\n\n\n\n<p>Para concluir, felicit\u00f3 al Consejo y a todas las mujeres correntinas por el trabajo que despliegan con \u201cfuerza, muchas veces en silencio y sin pausas\u201d.<\/p>\n\n\n\n<p><strong>Ad\u00e1n Gaya<\/strong><\/p>\n\n\n\n<p>\u201cEste Encuentro se da para articular pol\u00edticas p\u00fablicas que nos permitan prevenir las situaciones de violencia de g\u00e9nero y acompa\u00f1ar a las mujeres en sus denuncias, darles contenci\u00f3n y llevar el respectivo seguimiento de cada caso\u201d, manifest\u00f3 inicialmente el ministro de Desarrollo Social, Ad\u00e1n Gaya, qui\u00e9n inform\u00f3 que en el 2023 se atendieron m\u00e1s de 1300 denuncias por violencia de g\u00e9nero de todo tipo.<\/p>\n\n\n\n<p>En este sentido, el ministro consider\u00f3 que es fundamental no solo la capacitaci\u00f3n, sino tambi\u00e9n el compromiso de cada comuna, coordinando con cada organismo en su ciudad y tener un estado presente para atender la problem\u00e1tica y darle soluci\u00f3n a las situaciones de violencia de g\u00e9nero.<\/p>\n\n\n\n<p>Asimismo, Gaya puntualiz\u00f3 que como parte de las pol\u00edticas p\u00fablicas para estar al lado de las mujeres que padecen violencia de g\u00e9nero, el Consejo y las distintas \u00e1reas que existen a lo largo de la provincia brindan apoyo y asesoramiento a trav\u00e9s de un 0800, abogados, psic\u00f3logos, asistentes sociales y para que esas mujeres damnificadas puedan llevar adelante las denuncias correspondientes.<\/p>\n\n\n\n<p><strong>Cecilia Berger<\/strong><\/p>\n\n\n\n<p>Tras ofrecer una c\u00e1lida bienvenida a las asistentes y agradecer la presencia del gobernador Gustavo Vald\u00e9s, la titular del Consejo Provincial de la Mujer, Cecilia Berger, dijo que es importante \u201cestar hoy todas reunidas para discutir pol\u00edticas p\u00fablicas en las distintas \u00e1reas de Mujer y esbozar el trabajo articulado para este a\u00f1o\u201d.<\/p>\n\n\n\n<p>\u201cEl objetivo es que las mujeres correntinas se sientan acompa\u00f1adas y que les demos todo el apoyo que necesitan ante las situaciones de violencia de g\u00e9nero\u201d, agreg\u00f3 Berger.<\/p>\n\n\n\n<figure class=\"wp-block-gallery has-nested-images columns-default is-cropped wp-block-gallery-1 is-layout-flex wp-block-gallery-is-layout-flex\">\n<figure class=\"wp-block-image size-large\"><img loading=\"lazy\" decoding=\"async\" width=\"1024\" height=\"682\" data-id=\"132945\" src=\"https:\/\/corrientesdetarde.com\/wp-content\/uploads\/2024\/03\/imagen-64948-1024x682.jpg\" alt=\"\" class=\"wp-image-132945\" srcset=\"https:\/\/corrientesdetarde.com\/wp-content\/uploads\/2024\/03\/imagen-64948-1024x682.jpg 1024w, https:\/\/corrientesdetarde.com\/wp-content\/uploads\/2024\/03\/imagen-64948-300x200.jpg 300w, https:\/\/corrientesdetarde.com\/wp-content\/uploads\/2024\/03\/imagen-64948-768x512.jpg 768w, https:\/\/corrientesdetarde.com\/wp-content\/uploads\/2024\/03\/imagen-64948-1536x1023.jpg 1536w, https:\/\/corrientesdetarde.com\/wp-content\/uploads\/2024\/03\/imagen-64948.jpg 1600w\" sizes=\"auto, (max-width: 1024px) 100vw, 1024px\" \/><\/figure>\n\n\n\n<figure class=\"wp-block-image size-large\"><img loading=\"lazy\" decoding=\"async\" width=\"1024\" height=\"682\" data-id=\"132948\" src=\"https:\/\/corrientesdetarde.com\/wp-content\/uploads\/2024\/03\/imagen-64947-1024x682.jpg\" alt=\"\" class=\"wp-image-132948\" srcset=\"https:\/\/corrientesdetarde.com\/wp-content\/uploads\/2024\/03\/imagen-64947-1024x682.jpg 1024w, https:\/\/corrientesdetarde.com\/wp-content\/uploads\/2024\/03\/imagen-64947-300x200.jpg 300w, https:\/\/corrientesdetarde.com\/wp-content\/uploads\/2024\/03\/imagen-64947-768x512.jpg 768w, https:\/\/corrientesdetarde.com\/wp-content\/uploads\/2024\/03\/imagen-64947-1536x1023.jpg 1536w, https:\/\/corrientesdetarde.com\/wp-content\/uploads\/2024\/03\/imagen-64947.jpg 1600w\" sizes=\"auto, (max-width: 1024px) 100vw, 1024px\" \/><\/figure>\n\n\n\n<figure class=\"wp-block-image size-large\"><img loading=\"lazy\" decoding=\"async\" width=\"1024\" height=\"682\" data-id=\"132946\" src=\"https:\/\/corrientesdetarde.com\/wp-content\/uploads\/2024\/03\/imagen-64946-1024x682.jpg\" alt=\"\" class=\"wp-image-132946\" srcset=\"https:\/\/corrientesdetarde.com\/wp-content\/uploads\/2024\/03\/imagen-64946-1024x682.jpg 1024w, https:\/\/corrientesdetarde.com\/wp-content\/uploads\/2024\/03\/imagen-64946-300x200.jpg 300w, https:\/\/corrientesdetarde.com\/wp-content\/uploads\/2024\/03\/imagen-64946-768x512.jpg 768w, https:\/\/corrientesdetarde.com\/wp-content\/uploads\/2024\/03\/imagen-64946-1536x1023.jpg 1536w, https:\/\/corrientesdetarde.com\/wp-content\/uploads\/2024\/03\/imagen-64946.jpg 1600w\" sizes=\"auto, (max-width: 1024px) 100vw, 1024px\" \/><\/figure>\n\n\n\n<figure class=\"wp-block-image size-large\"><img loading=\"lazy\" decoding=\"async\" width=\"1024\" height=\"682\" data-id=\"132947\" src=\"https:\/\/corrientesdetarde.com\/wp-content\/uploads\/2024\/03\/imagen-64945-1024x682.jpg\" alt=\"\" class=\"wp-image-132947\" srcset=\"https:\/\/corrientesdetarde.com\/wp-content\/uploads\/2024\/03\/imagen-64945-1024x682.jpg 1024w, https:\/\/corrientesdetarde.com\/wp-content\/uploads\/2024\/03\/imagen-64945-300x200.jpg 300w, https:\/\/corrientesdetarde.com\/wp-content\/uploads\/2024\/03\/imagen-64945-768x512.jpg 768w, https:\/\/corrientesdetarde.com\/wp-content\/uploads\/2024\/03\/imagen-64945-1536x1023.jpg 1536w, https:\/\/corrientesdetarde.com\/wp-content\/uploads\/2024\/03\/imagen-64945.jpg 1600w\" sizes=\"auto, (max-width: 1024px) 100vw, 1024px\" \/><\/figure>\n<\/figure>\n","protected":false},"excerpt":{"rendered":"<p>El Gobernador Gustavo Vald\u00e9s encabez\u00f3 la apertura del tercer Encuentro de \u00c1reas Mujer de la Provincia que se realiz\u00f3 este viernes en el sal\u00f3n El Santo del Club San Mart\u00edn,&hellip; <\/p>\n","protected":false},"author":12,"featured_media":132949,"comment_status":"closed","ping_status":"open","sticky":false,"template":"","format":"standard","meta":{"footnotes":""},"categories":[26],"tags":[],"class_list":["post-132944","post","type-post","status-publish","format-standard","has-post-thumbnail","hentry","category-destacados"],"_links":{"self":[{"href":"https:\/\/corrientesdetarde.com\/index.php\/wp-json\/wp\/v2\/posts\/132944","targetHints":{"allow":["GET"]}}],"collection":[{"href":"https:\/\/corrientesdetarde.com\/index.php\/wp-json\/wp\/v2\/posts"}],"about":[{"href":"https:\/\/corrientesdetarde.com\/index.php\/wp-json\/wp\/v2\/types\/post"}],"author":[{"embeddable":true,"href":"https:\/\/corrientesdetarde.com\/index.php\/wp-json\/wp\/v2\/users\/12"}],"replies":[{"embeddable":true,"href":"https:\/\/corrientesdetarde.com\/index.php\/wp-json\/wp\/v2\/comments?post=132944"}],"version-history":[{"count":1,"href":"https:\/\/corrientesdetarde.com\/index.php\/wp-json\/wp\/v2\/posts\/132944\/revisions"}],"predecessor-version":[{"id":132950,"href":"https:\/\/corrientesdetarde.com\/index.php\/wp-json\/wp\/v2\/posts\/132944\/revisions\/132950"}],"wp:featuredmedia":[{"embeddable":true,"href":"https:\/\/corrientesdetarde.com\/index.php\/wp-json\/wp\/v2\/media\/132949"}],"wp:attachment":[{"href":"https:\/\/corrientesdetarde.com\/index.php\/wp-json\/wp\/v2\/media?parent=132944"}],"wp:term":[{"taxonomy":"category","embeddable":true,"href":"https:\/\/corrientesdetarde.com\/index.php\/wp-json\/wp\/v2\/categories?post=132944"},{"taxonomy":"post_tag","embeddable":true,"href":"https:\/\/corrientesdetarde.com\/index.php\/wp-json\/wp\/v2\/tags?post=132944"}],"curies":[{"name":"wp","href":"https:\/\/api.w.org\/{rel}","templated":true}]}}