{"id":132951,"date":"2024-03-15T11:59:07","date_gmt":"2024-03-15T14:59:07","guid":{"rendered":"https:\/\/corrientesdetarde.com\/?p=132951"},"modified":"2024-03-15T11:59:19","modified_gmt":"2024-03-15T14:59:19","slug":"martes-19-a-las-1830-horas-braillard-poccard-invita-al-ciclo-escritores-correntinos","status":"publish","type":"post","link":"https:\/\/corrientesdetarde.com\/index.php\/cultura\/martes-19-a-las-1830-horas-braillard-poccard-invita-al-ciclo-escritores-correntinos\/","title":{"rendered":"Martes 19 a las 18,30 horas Braillard Poccard invita al Ciclo &#8220;Escritores Correntinos&#8221;"},"content":{"rendered":"\n<p><\/p>\n\n\n\n<p>El Vicegobernador Pedro Braillard Poccard invita al Ciclo &#8220;Escritores Correntinos&#8221;, que tendr\u00e1 lugar en la Biblioteca de la Legislatura -Salta 545- este martes 19 de marzo a las 18,30 horas. Con la presentaci\u00f3n de \u201cPoes\u00eda Pol\u00edtica Correntina\u201d de Horacio V. Pozo.<\/p>\n\n\n\n<p>Este espacio tiene como objetivo que los escritores correntinos puedan compartir su literatura. Por su parte, Pozo expres\u00f3: &#8220;Es un libro de poes\u00edas de Corrientes. Son composiciones de mi inspiraci\u00f3n, in\u00e9ditas, que tratan de aportar a la reflexi\u00f3n pol\u00edtica sobre lo que nos pasa como naci\u00f3n&#8221;.<\/p>\n\n\n\n<figure class=\"wp-block-image size-large\"><img loading=\"lazy\" decoding=\"async\" width=\"1024\" height=\"1024\" src=\"https:\/\/corrientesdetarde.com\/wp-content\/uploads\/2024\/03\/IMG-20240315-WA0022-1024x1024.jpg\" alt=\"\" class=\"wp-image-132952\" srcset=\"https:\/\/corrientesdetarde.com\/wp-content\/uploads\/2024\/03\/IMG-20240315-WA0022-1024x1024.jpg 1024w, https:\/\/corrientesdetarde.com\/wp-content\/uploads\/2024\/03\/IMG-20240315-WA0022-300x300.jpg 300w, https:\/\/corrientesdetarde.com\/wp-content\/uploads\/2024\/03\/IMG-20240315-WA0022-150x150.jpg 150w, https:\/\/corrientesdetarde.com\/wp-content\/uploads\/2024\/03\/IMG-20240315-WA0022-768x768.jpg 768w, https:\/\/corrientesdetarde.com\/wp-content\/uploads\/2024\/03\/IMG-20240315-WA0022-1536x1536.jpg 1536w, https:\/\/corrientesdetarde.com\/wp-content\/uploads\/2024\/03\/IMG-20240315-WA0022.jpg 1600w\" sizes=\"auto, (max-width: 1024px) 100vw, 1024px\" \/><\/figure>\n","protected":false},"excerpt":{"rendered":"<p>El Vicegobernador Pedro Braillard Poccard invita al Ciclo &#8220;Escritores Correntinos&#8221;, que tendr\u00e1 lugar en la Biblioteca de la Legislatura -Salta 545- este martes 19 de marzo a las 18,30 horas.&hellip; <\/p>\n","protected":false},"author":1,"featured_media":132952,"comment_status":"closed","ping_status":"open","sticky":false,"template":"","format":"standard","meta":{"footnotes":""},"categories":[15],"tags":[],"class_list":["post-132951","post","type-post","status-publish","format-standard","has-post-thumbnail","hentry","category-cultura"],"_links":{"self":[{"href":"https:\/\/corrientesdetarde.com\/index.php\/wp-json\/wp\/v2\/posts\/132951","targetHints":{"allow":["GET"]}}],"collection":[{"href":"https:\/\/corrientesdetarde.com\/index.php\/wp-json\/wp\/v2\/posts"}],"about":[{"href":"https:\/\/corrientesdetarde.com\/index.php\/wp-json\/wp\/v2\/types\/post"}],"author":[{"embeddable":true,"href":"https:\/\/corrientesdetarde.com\/index.php\/wp-json\/wp\/v2\/users\/1"}],"replies":[{"embeddable":true,"href":"https:\/\/corrientesdetarde.com\/index.php\/wp-json\/wp\/v2\/comments?post=132951"}],"version-history":[{"count":1,"href":"https:\/\/corrientesdetarde.com\/index.php\/wp-json\/wp\/v2\/posts\/132951\/revisions"}],"predecessor-version":[{"id":132953,"href":"https:\/\/corrientesdetarde.com\/index.php\/wp-json\/wp\/v2\/posts\/132951\/revisions\/132953"}],"wp:featuredmedia":[{"embeddable":true,"href":"https:\/\/corrientesdetarde.com\/index.php\/wp-json\/wp\/v2\/media\/132952"}],"wp:attachment":[{"href":"https:\/\/corrientesdetarde.com\/index.php\/wp-json\/wp\/v2\/media?parent=132951"}],"wp:term":[{"taxonomy":"category","embeddable":true,"href":"https:\/\/corrientesdetarde.com\/index.php\/wp-json\/wp\/v2\/categories?post=132951"},{"taxonomy":"post_tag","embeddable":true,"href":"https:\/\/corrientesdetarde.com\/index.php\/wp-json\/wp\/v2\/tags?post=132951"}],"curies":[{"name":"wp","href":"https:\/\/api.w.org\/{rel}","templated":true}]}}