{"id":132963,"date":"2024-03-15T14:16:58","date_gmt":"2024-03-15T17:16:58","guid":{"rendered":"https:\/\/corrientesdetarde.com\/?p=132963"},"modified":"2024-03-15T14:17:09","modified_gmt":"2024-03-15T17:17:09","slug":"romina-uhrig-hablo-sobre-la-imputacion-por-lavado-y-cuestiono-las-criticas-que-le-hizo-su-mama-me-duele","status":"publish","type":"post","link":"https:\/\/corrientesdetarde.com\/index.php\/espectaculos\/romina-uhrig-hablo-sobre-la-imputacion-por-lavado-y-cuestiono-las-criticas-que-le-hizo-su-mama-me-duele\/","title":{"rendered":"Romina Uhrig habl\u00f3 sobre la imputaci\u00f3n por lavado y cuestion\u00f3 las cr\u00edticas que le hizo su mam\u00e1: \u201cMe duele\u201d"},"content":{"rendered":"\n<p>La exdiputada intent\u00f3 relativizar las acusaciones que hizo la mujer sobre ella.<\/p>\n\n\n\n<p>En una charla que tuvo en el programa\u00a0<em><strong>A la Barbarossa<\/strong><\/em>\u00a0(<em>Telefe<\/em>), Romina Urigh\u00a0se refiri\u00f3 a la imputaci\u00f3n por lavado de dinero que recay\u00f3 sobre ella de parte de la Justicia y cuestion\u00f3 las cr\u00edticas de su madre de hace unos d\u00edas. La mujer hab\u00eda dado de una explosiva entrevista en\u00a0<em><strong>LAM\u00a0<\/strong><\/em>(<em>Am\u00e9rica<\/em>) en la que llor\u00f3 y dijo que la medi\u00e1tica la trata como una basura.<\/p>\n\n\n\n<p>\u201cNo quiero hablar porque\u00a0<strong>es algo que me duele mucho.\u00a0<\/strong>No tengo nada que decir.<strong>\u00a0Es algo que me duele y prefiero dejarlo ah\u00ed.<\/strong>\u00a0Ella sabr\u00e1 por qu\u00e9 dijo lo que dijo. Yo estoy muy tranquila y ella sabe todo lo que pas\u00f3, cu\u00e1l es toda la verdad de muchos a\u00f1os\u201d, sostuvo Romina, que contest\u00f3 todo lo que le preguntaron.<\/p>\n\n\n\n<p>Cuando&nbsp;<strong>Georgina Barbarossa&nbsp;<\/strong>quiso saber si hab\u00eda hablado luego de que su madre lanzara fuertes acusaciones sobre ella, Romina dijo que no tuvo ninguna comunicaci\u00f3n.<\/p>\n\n\n\n<p>\u201cNo. Hoy mi prioridad son mis hijas. Tengo que estar bien para mis hijas y todo lo que a m\u00ed me doli\u00f3 en su momento, me lastim\u00f3, trato siempre de perdonar, pero las cosas que me siguen lastimando.&nbsp;<strong>No quiero seguir mal,<\/strong>&nbsp;que me sigan lastimando, entonces la voy a respetar porque es mi mam\u00e1. Ella sabr\u00e1 lo que dijo, obviamente como hija me duele, pero bueno, ya est\u00e1\u201d, remarc\u00f3.<\/p>\n\n\n\n<figure class=\"wp-block-image\"><img decoding=\"async\" src=\"https:\/\/tn.com.ar\/resizer\/HgMmNxZ_hisiWQBVkaIxhQn5yWU=\/767x0\/smart\/filters:format(webp)\/cloudfront-us-east-1.images.arcpublishing.com\/artear\/QUL773VZ4VCMPA3BK4VGYEDIKU.jpg\" alt=\"Walter Festa y Romina Uhrig est\u00e1n imputados por lavado de dinero. (Foto: Instagram \/romina_uhrig)\"\/><\/figure>\n\n\n\n<p>Acerca de la imputaci\u00f3n por lavado de dinero, Uhrig dijo que est\u00e1 \u201cen manos de la Justicia\u201d y que ella est\u00e1 \u201cmuy tranquila\u201d. \u201cEstoy en paz.&nbsp;<strong>Obviamente, esto te perjudica<\/strong>. Te hace mal, te sent\u00eds mal.&nbsp;<strong>Es un t\u00edtulo muy feo lo que pusieron<\/strong>, porque hay mucha gente que por ah\u00ed ya te se\u00f1ala con el dedo y no tiene idea\u201d, sostuvo.<\/p>\n\n\n\n<p>\u201c\u00bfTe arrepent\u00eds en un punto de todo esto que lograste?\u201d, le preguntaron, sobre su exposici\u00f3n que consigui\u00f3 tras el paso en<em>&nbsp;Gran Hermano&nbsp;<\/em>(<em>Telefe<\/em>). \u201cNo me arrepiento para nada. Walter me ha dicho que esto sale por entrar a Gran Hermano, pero la verdad que, como te digo,<strong>&nbsp;yo estoy muy tranquila.<\/strong>&nbsp;La gente que me conoce sabe lo que soy como persona\u201d, sostuvo.<\/p>\n\n\n\n<p>Romina dijo que \u201cno tiene nada que ocultar\u201d y remarc\u00f3 que&nbsp;<strong>no hay \u201cnada oscuro\u201d en su vida.<\/strong>&nbsp;\u201cTengo errores como cualquier persona, pero jam\u00e1s le hice mal a nadie, jam\u00e1s toqu\u00e9 nada que no sea m\u00edo, as\u00ed que estoy muy tranquila en ese sentido\u201d, cerr\u00f3.<\/p>\n\n\n\n<h2 class=\"wp-block-heading\">\u201cQuiero que vuelva a ser ella\u201d: el desesperado pedido de la mam\u00e1 de Romina Uhrig a su hija<\/h2>\n\n\n\n<p>Este lunes,\u00a0<strong>la mam\u00e1 de\u00a0Romina Urigh<\/strong><strong>\u00a0habl\u00f3 por primera vez<\/strong>\u00a0en un programa de televisi\u00f3n y lanz\u00f3\u00a0<strong>declaraciones explosivas.\u00a0<\/strong>A coraz\u00f3n abierto, Lidia se larg\u00f3 a llorar cuando describi\u00f3 c\u00f3mo es la relaci\u00f3n con su hija y explic\u00f3 por qu\u00e9 el v\u00ednculo se quebr\u00f3 definitivamente.\u00a0<strong>\u201cMe cans\u00e9 de que me trate como basura, que valore m\u00e1s al padre. Si el padre no le quiso dar el apellido\u201d, sostuvo sobre la ex<\/strong><em><strong>\u00a0Gran Hermano<\/strong><\/em><strong>\u00a0en di\u00e1logo con\u00a0<\/strong><em><strong>LAM (Am\u00e9rica)<\/strong><\/em><strong>.<\/strong><\/p>\n\n\n\n<p>Adem\u00e1s, dijo que la medi\u00e1tica cambi\u00f3 por completo su personalidad y estilo de vida cuando empez\u00f3 a salir con&nbsp;<strong>Walter Festa<\/strong>, el exintendente de Moreno.&nbsp;<strong>Lidia&nbsp;<\/strong>asegur\u00f3 que no soporta m\u00e1s sentirse despreciada y reconoci\u00f3 que le ofendi\u00f3 que la medi\u00e1tica se haya acercado a Osvaldo, su pap\u00e1 biol\u00f3gico, a quien busc\u00f3 por Facebook y logr\u00f3 ver antes de que muriera a causa del c\u00e1ncer.<\/p>\n\n\n\n<p>\u201c<strong>Yo sufr\u00ed violencia de g\u00e9nero.<\/strong>&nbsp;Me han violado, el padre de ella con la panza as\u00ed de grande me pegaba. Yo sufr\u00ed y las pas\u00e9 todas. Desde chica\u201d, dijo reamente quebrada. Por otra parte, revel\u00f3 que Romina no se habla con una media hermana. \u201cEs la hija de Osvaldo con otra mujer. No tiene relaci\u00f3n con la hermana porque es pobre. Romina no quiso que la hermana fuera al matrimonio con sus hijos\u201d, sostuvo.<\/p>\n\n\n\n<figure class=\"wp-block-image\"><img decoding=\"async\" src=\"https:\/\/tn.com.ar\/resizer\/qSM2QJ0Dl2XosSIH_m4AErnBLKk=\/767x0\/smart\/filters:format(webp)\/thumbs.vodgc.net\/1-14-FWoroA1710208972086-1710211949.jpg\" alt=\"Video Placeholder\"\/><\/figure>\n\n\n\n<p>Aunque dej\u00f3 en claro que la relaci\u00f3n con su hija est\u00e1 rota,\u00a0<strong>Lidia Uhrig\u00a0<\/strong>cree que no todo est\u00e1 perdido. \u201c<strong>Quiero que Romina vuelva a ser ella<\/strong>\u201d, sostuvo. Y advirti\u00f3:\u201cRomi, perdoname, pero yo creo que vos est\u00e1s enferma. S\u00e9 que vas a ver la nota, me parece que vos est\u00e1s enferma\u201d.<\/p>\n\n\n\n<p>Tambi\u00e9n, dio detalles de su dolorosa historia de vida y c\u00f3mo fue la infancia de la exparticipante del&nbsp;<em>Bailando 2023 (Am\u00e9rica)<\/em>. \u201c<strong>Yo empec\u00e9 a trabajar en la noche<\/strong>\u2026 Jam\u00e1s hab\u00eda hecho un bucal, chicas. En mi vida. Jam\u00e1s y empec\u00e9 a trabajar porque una chica me dijo que era para hacer copas. Romina ten\u00eda 6 meses y yo no ten\u00eda ni para comprarle una leche\u201d, record\u00f3.<\/p>\n\n\n\n<p>\u201cHice ese trabajo, pero me cost\u00f3 un mont\u00f3n. Ahora vivo de un kiosco, gracias a Dios.<strong>\u00a0Trabaj\u00e9 en saunas y habr\u00e9 estado 8 a\u00f1os en Liniers.\u00a0<\/strong>Por eso no puede estar presente. Yo viv\u00eda con mi mam\u00e1 y ten\u00eda que mantenerla a ella, a mi hermana Fabiana, a Laurita y en ese momento ten\u00eda cuatro chicos. Despu\u00e9s el pap\u00e1 cay\u00f3 con c\u00e1ncer en los huesos. A \u00e9l a veces lo ve\u00eda pidiendo comida. Yo prefer\u00ed trabajar de eso\u201d, dijo sobre la prostituci\u00f3n.<\/p>\n\n\n\n<p>Al cierre, detall\u00f3 cu\u00e1les fueron las consecuencias de esa etapa de su vida. \u201cYo ya no puedo tener relaciones sexuales.<strong>&nbsp;Yo ya no tengo vida.<\/strong>&nbsp;La que no trabaj\u00f3 y no conoce el trabajo ese, les puedo asegurar que no es lindo\u201d, complet\u00f3.<\/p>\n","protected":false},"excerpt":{"rendered":"<p>La exdiputada intent\u00f3 relativizar las acusaciones que hizo la mujer sobre ella. En una charla que tuvo en el programa\u00a0A la Barbarossa\u00a0(Telefe), Romina Urigh\u00a0se refiri\u00f3 a la imputaci\u00f3n por lavado&hellip; <\/p>\n","protected":false},"author":8,"featured_media":132964,"comment_status":"closed","ping_status":"open","sticky":false,"template":"","format":"standard","meta":{"footnotes":""},"categories":[19],"tags":[],"class_list":["post-132963","post","type-post","status-publish","format-standard","has-post-thumbnail","hentry","category-espectaculos"],"_links":{"self":[{"href":"https:\/\/corrientesdetarde.com\/index.php\/wp-json\/wp\/v2\/posts\/132963","targetHints":{"allow":["GET"]}}],"collection":[{"href":"https:\/\/corrientesdetarde.com\/index.php\/wp-json\/wp\/v2\/posts"}],"about":[{"href":"https:\/\/corrientesdetarde.com\/index.php\/wp-json\/wp\/v2\/types\/post"}],"author":[{"embeddable":true,"href":"https:\/\/corrientesdetarde.com\/index.php\/wp-json\/wp\/v2\/users\/8"}],"replies":[{"embeddable":true,"href":"https:\/\/corrientesdetarde.com\/index.php\/wp-json\/wp\/v2\/comments?post=132963"}],"version-history":[{"count":1,"href":"https:\/\/corrientesdetarde.com\/index.php\/wp-json\/wp\/v2\/posts\/132963\/revisions"}],"predecessor-version":[{"id":132965,"href":"https:\/\/corrientesdetarde.com\/index.php\/wp-json\/wp\/v2\/posts\/132963\/revisions\/132965"}],"wp:featuredmedia":[{"embeddable":true,"href":"https:\/\/corrientesdetarde.com\/index.php\/wp-json\/wp\/v2\/media\/132964"}],"wp:attachment":[{"href":"https:\/\/corrientesdetarde.com\/index.php\/wp-json\/wp\/v2\/media?parent=132963"}],"wp:term":[{"taxonomy":"category","embeddable":true,"href":"https:\/\/corrientesdetarde.com\/index.php\/wp-json\/wp\/v2\/categories?post=132963"},{"taxonomy":"post_tag","embeddable":true,"href":"https:\/\/corrientesdetarde.com\/index.php\/wp-json\/wp\/v2\/tags?post=132963"}],"curies":[{"name":"wp","href":"https:\/\/api.w.org\/{rel}","templated":true}]}}