{"id":132966,"date":"2024-03-15T14:20:13","date_gmt":"2024-03-15T17:20:13","guid":{"rendered":"https:\/\/corrientesdetarde.com\/?p=132966"},"modified":"2024-03-15T14:20:16","modified_gmt":"2024-03-15T17:20:16","slug":"alerta-amarilla-por-fuertes-tormentas-que-provincias-estan-afectadas-este-viernes-15-de-marzo","status":"publish","type":"post","link":"https:\/\/corrientesdetarde.com\/index.php\/clima\/alerta-amarilla-por-fuertes-tormentas-que-provincias-estan-afectadas-este-viernes-15-de-marzo\/","title":{"rendered":"Alerta amarilla por fuertes tormentas: qu\u00e9 provincias est\u00e1n afectadas este viernes 15 de marzo"},"content":{"rendered":"\n<p>Cinco provincias est\u00e1n en alerta amarilla por tormentas, seg\u00fan el Servicio Meteorol\u00f3gico.<\/p>\n\n\n\n<p>El\u00a0Servici\u00f3 Meteorol\u00f3gico Nacional emiti\u00f3 una\u00a0<strong>alerta amarilla por fuertes tormentas<\/strong>\u00a0para este viernes 15 de marzo en las siguientes provincias:\u00a0<strong>Corrientes<\/strong>,\u00a0<strong>Entre<\/strong>\u00a0<strong>R\u00edos<\/strong>,\u00a0<strong>Jujuy<\/strong>,\u00a0<strong>Salta\u00a0<\/strong>y\u00a0<strong>Santa<\/strong>\u00a0<strong>Fe<\/strong>.<\/p>\n\n\n\n<h2 class=\"wp-block-heading\">Cu\u00e1ndo est\u00e1 pronosticado tormentas en cada provincia:<\/h2>\n\n\n\n<ul class=\"wp-block-list\">\n<li><strong>Santa Fe<\/strong>: viernes por la noche y s\u00e1bado por la ma\u00f1ana y por la tarde.<\/li>\n\n\n\n<li><strong>Entre R\u00edos<\/strong>: desde la tarde del viernes hasta la ma\u00f1ana del s\u00e1bado.<\/li>\n\n\n\n<li><strong>Corrientes<\/strong>: viernes por la tarde y s\u00e1bado por la tarde.<\/li>\n\n\n\n<li><strong>Jujuy<\/strong>: viernes por la noche.<\/li>\n\n\n\n<li><strong>Salta<\/strong>: viernes por la noche y s\u00e1bado por la noche.<\/li>\n<\/ul>\n\n\n\n<p>El \u00e1rea ser\u00e1 afectada por tormentas, algunas localmente fuertes. Las mismas podr\u00e1n estar acompa\u00f1adas por r\u00e1fagas intensas, importante actividad el\u00e9ctrica, ocasional ca\u00edda de granizo y principalmente abundante ca\u00edda de agua en cortos per\u00edodos. Se estiman valores de precipitaci\u00f3n acumulada entre 30 y 60 mm, pudiendo ser superados en forma puntual.<\/p>\n\n\n\n<figure class=\"wp-block-image\"><img decoding=\"async\" src=\"https:\/\/tn.com.ar\/resizer\/65QpWgk4PaD-RTuVG2WsSPT9CF4=\/767x0\/smart\/filters:format(webp)\/cloudfront-us-east-1.images.arcpublishing.com\/artear\/KOHK2I7B2BCZNBDCZRWL6DTIMQ.png\" alt=\"Alerta amarilla por fuertes tormentas (Foto: SMN).\"\/><\/figure>\n\n\n\n<h2 class=\"wp-block-heading\">Referencias:<\/h2>\n\n\n\n<p><strong>Nivel rojo<\/strong>: se esperan fen\u00f3menos meteorol\u00f3gicos excepcionales con potencial de provocar emergencias o desastres.<\/p>\n\n\n\n<p><strong>Nivel naranja<\/strong>: se esperan fen\u00f3menos meteorol\u00f3gicos peligrosos para la sociedad, la vida, los bienes y el medio ambiente.<\/p>\n\n\n\n<p><strong>Nivel amarillo<\/strong>: posibles fen\u00f3menos meteorol\u00f3gicos con capacidad de da\u00f1o y riesgo de interrupci\u00f3n moment\u00e1nea de actividades cotidianas.<\/p>\n\n\n\n<p><strong>Nivel verde<\/strong>: no se esperan fen\u00f3menos meteorol\u00f3gicos que impliquen riesgos.<\/p>\n\n\n\n<h2 class=\"wp-block-heading\">Recomendaciones para una alerta amarilla por tormentas:<\/h2>\n\n\n\n<ul class=\"wp-block-list\">\n<li>No saques la basura. Retir\u00e1 objetos que impidan que el agua escurra.<\/li>\n\n\n\n<li>Evit\u00e1 actividades al aire libre.<\/li>\n\n\n\n<li>No te refugies cerca de \u00e1rboles y postes de electricidad que puedan caerse.<\/li>\n\n\n\n<li>Para minimizar el riesgo de ser alcanzado por un rayo, no permanezcas en playas, r\u00edos, lagunas o piletas.<\/li>\n\n\n\n<li>Estate atento ante la posible ca\u00edda de granizo.<\/li>\n\n\n\n<li>Informate por las autoridades. Ten\u00e9 siempre lista una mochila de emergencias con linterna,<\/li>\n<\/ul>\n","protected":false},"excerpt":{"rendered":"<p>Cinco provincias est\u00e1n en alerta amarilla por tormentas, seg\u00fan el Servicio Meteorol\u00f3gico. El\u00a0Servici\u00f3 Meteorol\u00f3gico Nacional emiti\u00f3 una\u00a0alerta amarilla por fuertes tormentas\u00a0para este viernes 15 de marzo en las siguientes provincias:\u00a0Corrientes,\u00a0Entre\u00a0R\u00edos,\u00a0Jujuy,\u00a0Salta\u00a0y\u00a0Santa\u00a0Fe.&hellip; <\/p>\n","protected":false},"author":8,"featured_media":132967,"comment_status":"closed","ping_status":"open","sticky":false,"template":"","format":"standard","meta":{"footnotes":""},"categories":[29],"tags":[],"class_list":["post-132966","post","type-post","status-publish","format-standard","has-post-thumbnail","hentry","category-clima"],"_links":{"self":[{"href":"https:\/\/corrientesdetarde.com\/index.php\/wp-json\/wp\/v2\/posts\/132966","targetHints":{"allow":["GET"]}}],"collection":[{"href":"https:\/\/corrientesdetarde.com\/index.php\/wp-json\/wp\/v2\/posts"}],"about":[{"href":"https:\/\/corrientesdetarde.com\/index.php\/wp-json\/wp\/v2\/types\/post"}],"author":[{"embeddable":true,"href":"https:\/\/corrientesdetarde.com\/index.php\/wp-json\/wp\/v2\/users\/8"}],"replies":[{"embeddable":true,"href":"https:\/\/corrientesdetarde.com\/index.php\/wp-json\/wp\/v2\/comments?post=132966"}],"version-history":[{"count":1,"href":"https:\/\/corrientesdetarde.com\/index.php\/wp-json\/wp\/v2\/posts\/132966\/revisions"}],"predecessor-version":[{"id":132968,"href":"https:\/\/corrientesdetarde.com\/index.php\/wp-json\/wp\/v2\/posts\/132966\/revisions\/132968"}],"wp:featuredmedia":[{"embeddable":true,"href":"https:\/\/corrientesdetarde.com\/index.php\/wp-json\/wp\/v2\/media\/132967"}],"wp:attachment":[{"href":"https:\/\/corrientesdetarde.com\/index.php\/wp-json\/wp\/v2\/media?parent=132966"}],"wp:term":[{"taxonomy":"category","embeddable":true,"href":"https:\/\/corrientesdetarde.com\/index.php\/wp-json\/wp\/v2\/categories?post=132966"},{"taxonomy":"post_tag","embeddable":true,"href":"https:\/\/corrientesdetarde.com\/index.php\/wp-json\/wp\/v2\/tags?post=132966"}],"curies":[{"name":"wp","href":"https:\/\/api.w.org\/{rel}","templated":true}]}}