{"id":132997,"date":"2024-03-15T16:04:07","date_gmt":"2024-03-15T19:04:07","guid":{"rendered":"https:\/\/corrientesdetarde.com\/?p=132997"},"modified":"2024-03-15T16:04:10","modified_gmt":"2024-03-15T19:04:10","slug":"cardozo-verifico-los-equipos-de-ultima-generacion-que-llegaron-a-los-hospitales-vidal-y-escuela","status":"publish","type":"post","link":"https:\/\/corrientesdetarde.com\/index.php\/bienestar-y-salud\/cardozo-verifico-los-equipos-de-ultima-generacion-que-llegaron-a-los-hospitales-vidal-y-escuela\/","title":{"rendered":"Cardozo verific\u00f3 los equipos de \u00faltima generaci\u00f3n que llegaron a los hospitales Vidal y Escuela"},"content":{"rendered":"\n<p><em>Se trata de dos ec\u00f3grafos doppler color para ex\u00e1menes cardiovasculares, que fueron otorgados a esas instituciones. Tambi\u00e9n, verific\u00f3 otros equipos y obras, y se reuni\u00f3 con los directivos y jefes de los servicios de diagn\u00f3stico por im\u00e1genes de ambos centros asistenciales.<\/em><\/p>\n\n\n\n<p>El ministro de Salud P\u00fablica de la Provincia, Ricardo Cardozo, visit\u00f3 este viernes los hospitales &#8220;J. R. Vidal&#8221; y Escuela &#8220;Gral. Jos\u00e9 Francisco de San Mart\u00edn&#8221;, que recientemente recibieron equipos de \u00faltima generaci\u00f3n. En la ocasi\u00f3n, tambi\u00e9n recorri\u00f3 obras y habl\u00f3 con los directivos y el personal de ambas instituciones.<\/p>\n\n\n\n<p>&#8220;En el hospital Vidal estuvimos viendo el ec\u00f3grafo de \u00faltima generaci\u00f3n que servir\u00e1 para distintos tipos de estudios. En este contexto, nos reunimos con el equipo del servicio de Diagnostico por Imagenes y con los directivos de este hospital que est\u00e1n sumamente conformes con este equipo, ya que viene a aumentar las prestaciones&#8221;, dijo el ministro Cardozo. Y prosigui\u00f3: &#8220;Por otro lado, visitamos el hospital Escuela, que tambi\u00e9n recibi\u00f3 equipamiento nuevo, entre ellos un ec\u00f3grafo con las mismas caracter\u00edsticas que el del Vidal y los directivos, de igual forma, se mostraron sumamente conformes con esta adquisici\u00f3n&#8221;.<\/p>\n\n\n\n<p>Explic\u00f3 que, en el Escuela, &#8220;tambi\u00e9n recorrimos las obras donde se va a instalar el tom\u00f3grafo nuevo, que ya est\u00e1n a punto de ser terminadas y visitamos el sector donde est\u00e1 el angiografo, un equipo sumamente costoso, de alrededor de 1000 millones de pesos, que est\u00e1 instalado y s\u00f3lo faltan algunos detalles administrativos para su funcionamiento&#8221;. Adem\u00e1s, &#8220;verificamos algunas obras que se est\u00e1n haciendo como es el traslado del servicio de Hemoterapia a un lugar mucho m\u00e1s grande&#8221;, agreg\u00f3.<\/p>\n\n\n\n<p>El Ministro&nbsp;record\u00f3 que en el hospital Escuela &#8220;se est\u00e1 realizando la construcci\u00f3n de la nueva bater\u00eda de quir\u00f3fanos. Una obra muy importante de alrededor de 10 quir\u00f3fanos de alta complejidad y se est\u00e1n realizando trabajos en el s\u00f3tano de la instituci\u00f3n, un espacio muy amplio que lo estamos mejorando&#8221;.<\/p>\n\n\n\n<p>Por \u00faltimo, remarc\u00f3: &#8220;Todo esto es parte de la complejizaci\u00f3n de nuestros hospitales, en donde se refleja la decisi\u00f3n de nuestro gobernador Gustavo Vald\u00e9s para que los hospitales avancen, se sigan desarrollando en distintas especialidades y prestaciones, que Corrientes se merece tenerlas&#8221;.<\/p>\n\n\n\n<p>El equipo, que lleg\u00f3 tanto al Escuela como al Vidal, se trata de dos ec\u00f3grafos doppler color para ex\u00e1menes cardiovasculares marca Mindray DC-70. Cada equipo demand\u00f3 una inversi\u00f3n de m\u00e1s de U$15.000.<\/p>\n\n\n\n<p>&#8220;Ambos equipos cuentan con transductores de \u00faltima generaci\u00f3n, que nos ayudar\u00e1 a detectar no solo las patolog\u00edas en todas las partes blandas del cuerpo humano, sino tambi\u00e9n a diagnosticar una multitud de afecciones incluyendo co\u00e1gulos sangu\u00edneos, arterias bloqueadas o estrechas y aneurismas, entre otras&#8221;, explicaron desde el servicio de Diagn\u00f3stico por Im\u00e1genes del hospital Escuela. En ambas instituciones, el titular de la cartera sanitaria fue recibido por los directores respectivos y jefes de servicios y, acompa\u00f1\u00f3 en la ocasi\u00f3n, el referente en la Provincia de Digitalizaci\u00f3n del Servicio de Diagn\u00f3stico por Imagen, Fabi\u00e1n Medina.<\/p>\n\n\n\n<figure class=\"wp-block-image size-large\"><img loading=\"lazy\" decoding=\"async\" width=\"1024\" height=\"683\" src=\"https:\/\/corrientesdetarde.com\/wp-content\/uploads\/2024\/03\/image-394-1024x683.png\" alt=\"\" class=\"wp-image-132998\" srcset=\"https:\/\/corrientesdetarde.com\/wp-content\/uploads\/2024\/03\/image-394-1024x683.png 1024w, https:\/\/corrientesdetarde.com\/wp-content\/uploads\/2024\/03\/image-394-300x200.png 300w, https:\/\/corrientesdetarde.com\/wp-content\/uploads\/2024\/03\/image-394-768x512.png 768w, https:\/\/corrientesdetarde.com\/wp-content\/uploads\/2024\/03\/image-394-1536x1024.png 1536w, https:\/\/corrientesdetarde.com\/wp-content\/uploads\/2024\/03\/image-394-2048x1365.png 2048w\" sizes=\"auto, (max-width: 1024px) 100vw, 1024px\" \/><\/figure>\n\n\n\n<figure class=\"wp-block-image size-large\"><img loading=\"lazy\" decoding=\"async\" width=\"1024\" height=\"683\" src=\"https:\/\/corrientesdetarde.com\/wp-content\/uploads\/2024\/03\/image-395-1024x683.png\" alt=\"\" class=\"wp-image-132999\" srcset=\"https:\/\/corrientesdetarde.com\/wp-content\/uploads\/2024\/03\/image-395-1024x683.png 1024w, https:\/\/corrientesdetarde.com\/wp-content\/uploads\/2024\/03\/image-395-300x200.png 300w, https:\/\/corrientesdetarde.com\/wp-content\/uploads\/2024\/03\/image-395-768x512.png 768w, https:\/\/corrientesdetarde.com\/wp-content\/uploads\/2024\/03\/image-395-1536x1024.png 1536w, https:\/\/corrientesdetarde.com\/wp-content\/uploads\/2024\/03\/image-395-2048x1365.png 2048w\" sizes=\"auto, (max-width: 1024px) 100vw, 1024px\" \/><\/figure>\n\n\n\n<figure class=\"wp-block-image size-large\"><img loading=\"lazy\" decoding=\"async\" width=\"1024\" height=\"683\" src=\"https:\/\/corrientesdetarde.com\/wp-content\/uploads\/2024\/03\/image-396-1024x683.png\" alt=\"\" class=\"wp-image-133000\" srcset=\"https:\/\/corrientesdetarde.com\/wp-content\/uploads\/2024\/03\/image-396-1024x683.png 1024w, https:\/\/corrientesdetarde.com\/wp-content\/uploads\/2024\/03\/image-396-300x200.png 300w, https:\/\/corrientesdetarde.com\/wp-content\/uploads\/2024\/03\/image-396-768x512.png 768w, https:\/\/corrientesdetarde.com\/wp-content\/uploads\/2024\/03\/image-396-1536x1024.png 1536w, https:\/\/corrientesdetarde.com\/wp-content\/uploads\/2024\/03\/image-396-2048x1365.png 2048w\" sizes=\"auto, (max-width: 1024px) 100vw, 1024px\" \/><\/figure>\n","protected":false},"excerpt":{"rendered":"<p>Se trata de dos ec\u00f3grafos doppler color para ex\u00e1menes cardiovasculares, que fueron otorgados a esas instituciones. Tambi\u00e9n, verific\u00f3 otros equipos y obras, y se reuni\u00f3 con los directivos y jefes&hellip; <\/p>\n","protected":false},"author":8,"featured_media":133001,"comment_status":"closed","ping_status":"open","sticky":false,"template":"","format":"standard","meta":{"footnotes":""},"categories":[16],"tags":[],"class_list":["post-132997","post","type-post","status-publish","format-standard","has-post-thumbnail","hentry","category-bienestar-y-salud"],"_links":{"self":[{"href":"https:\/\/corrientesdetarde.com\/index.php\/wp-json\/wp\/v2\/posts\/132997","targetHints":{"allow":["GET"]}}],"collection":[{"href":"https:\/\/corrientesdetarde.com\/index.php\/wp-json\/wp\/v2\/posts"}],"about":[{"href":"https:\/\/corrientesdetarde.com\/index.php\/wp-json\/wp\/v2\/types\/post"}],"author":[{"embeddable":true,"href":"https:\/\/corrientesdetarde.com\/index.php\/wp-json\/wp\/v2\/users\/8"}],"replies":[{"embeddable":true,"href":"https:\/\/corrientesdetarde.com\/index.php\/wp-json\/wp\/v2\/comments?post=132997"}],"version-history":[{"count":1,"href":"https:\/\/corrientesdetarde.com\/index.php\/wp-json\/wp\/v2\/posts\/132997\/revisions"}],"predecessor-version":[{"id":133002,"href":"https:\/\/corrientesdetarde.com\/index.php\/wp-json\/wp\/v2\/posts\/132997\/revisions\/133002"}],"wp:featuredmedia":[{"embeddable":true,"href":"https:\/\/corrientesdetarde.com\/index.php\/wp-json\/wp\/v2\/media\/133001"}],"wp:attachment":[{"href":"https:\/\/corrientesdetarde.com\/index.php\/wp-json\/wp\/v2\/media?parent=132997"}],"wp:term":[{"taxonomy":"category","embeddable":true,"href":"https:\/\/corrientesdetarde.com\/index.php\/wp-json\/wp\/v2\/categories?post=132997"},{"taxonomy":"post_tag","embeddable":true,"href":"https:\/\/corrientesdetarde.com\/index.php\/wp-json\/wp\/v2\/tags?post=132997"}],"curies":[{"name":"wp","href":"https:\/\/api.w.org\/{rel}","templated":true}]}}