{"id":133006,"date":"2024-03-15T16:10:39","date_gmt":"2024-03-15T19:10:39","guid":{"rendered":"https:\/\/corrientesdetarde.com\/?p=133006"},"modified":"2024-03-15T16:10:51","modified_gmt":"2024-03-15T19:10:51","slug":"el-gobierno-confirmo-que-en-febrero-logro-superavit-financiero-por-segundo-mes-consecutivo","status":"publish","type":"post","link":"https:\/\/corrientesdetarde.com\/index.php\/economia\/el-gobierno-confirmo-que-en-febrero-logro-superavit-financiero-por-segundo-mes-consecutivo\/","title":{"rendered":"El Gobierno confirm\u00f3 que en febrero logr\u00f3 super\u00e1vit financiero por segundo mes consecutivo"},"content":{"rendered":"\n<p>El anuncio lo hizo el ministro de Econom\u00eda a trav\u00e9s de sus redes sociales. En enero, tambi\u00e9n se hab\u00eda conseguido un resultado positivo. El d\u00e9ficit cero es uno de los pilares del plan econ\u00f3mico de Javier Milei.<\/p>\n\n\n\n<p>El Gobierno confirm\u00f3 este viernes que\u00a0<strong>en febrero logr\u00f3 el super\u00e1vit financiero<\/strong>\u00a0y anota as\u00ed\u00a0dos meses seguidos\u00a0con resultado positivo en ese frente.<\/p>\n\n\n\n<p>El ministro de Econom\u00eda, \u00a0Luis Caputo, anunci\u00f3 el resultado este viernes a trav\u00e9s de su cuenta de\u00a0<em>X<\/em>. Los datos oficiales completos se conocer\u00e1n el pr\u00f3ximo mi\u00e9rcoles, pero el funcionario adelant\u00f3 los primeros n\u00fameros:<\/p>\n\n\n\n<ul class=\"wp-block-list\">\n<li>El resultado primario fue de $1.232.525 millones.<\/li>\n\n\n\n<li>El&nbsp;<strong>super\u00e1vit financiero ascendi\u00f3 a $338.112 millones<\/strong>.<\/li>\n\n\n\n<li>El resultado primario acumulado lleg\u00f3 a $3.243.270 millones y representa un 0,5% PBI.<\/li>\n\n\n\n<li>El super\u00e1vit financiero acumulado alcanz\u00f3 los $856.520 millones.<\/li>\n<\/ul>\n\n\n\n<p>Adem\u00e1s, el funcionario comparti\u00f3 la evoluci\u00f3n de algunas variables de referencia. Entre ellas, destac\u00f3:<\/p>\n\n\n\n<ul class=\"wp-block-list\">\n<li>La variaci\u00f3n interanual real&nbsp;<strong>ingresos totales<\/strong>, que mostr\u00f3 una&nbsp;<strong>ca\u00edda de 6,3%&nbsp;<\/strong>en el mes y acumula una baja de 2,5% interanual.<\/li>\n\n\n\n<li>La<strong>&nbsp;fuerte reducci\u00f3n real interanual del gasto primario<\/strong>, que se retrajo un&nbsp;<strong>36,4%<\/strong>. Esa misma variable acumula una ca\u00edda de 38% interanual.<\/li>\n<\/ul>\n\n\n\n<p>El presidente<strong>\u00a0Javier Milei reposte\u00f3<\/strong>\u00a0en su propia cuenta el mensaje en el que Caputo comparti\u00f3 los datos fiscales. Seg\u00fan  el\u00a0comunicado de prensa\u00a0  que difundieron en forma conjunta\u00a0<strong>el Gobierno y el FMI\u00a0<\/strong>al cerrar la \u00faltima revisi\u00f3n del acuerdo, las autoridades locales se comprometieron a finalizar 2024 con un\u00a0<strong>super\u00e1vit<\/strong>\u00a0primario equivalente a\u00a0<strong>2% del PBI<\/strong>. El objetivo financiero, por el contrario, no se public\u00f3.<\/p>\n\n\n\n<h2 class=\"wp-block-heading\">Dos seguidos meses de super\u00e1vit<\/h2>\n\n\n\n<p>La informaci\u00f3n oficial sobre el resultado fiscal da cuenta del segundo mes consecutivo de super\u00e1vit financiero. En enero, el Sector P\u00fablico Nacional (SPN) hab\u00eda registrado un&nbsp;<strong>super\u00e1vit financiero&nbsp;<\/strong>de $518.408 millones, producto de un super\u00e1vit primario de $2.010.746 millones y del pago de intereses de la deuda p\u00fablica neto de pagos intra-sector p\u00fablico, que alcanz\u00f3 los $1.492.338 millones.<\/p>\n\n\n\n<p>Al momento de informarlo, el Ministerio de Econom\u00eda hab\u00eda resaltado que el dato de enero se era el \u201c<strong>primer super\u00e1vit financiero desde agosto de 2012<\/strong>&nbsp;y el primer super\u00e1vit financiero para un mes de enero desde 2011\u2033.<\/p>\n\n\n\n<figure class=\"wp-block-image\"><img decoding=\"async\" src=\"https:\/\/tn.com.ar\/resizer\/hVU6DfqeAJy9C7CMH_xpCnxKQ0g=\/767x0\/smart\/filters:format(webp)\/cloudfront-us-east-1.images.arcpublishing.com\/artear\/GQFWDOTQU5AH5LFDOMMO6U5LDA.png\" alt=\"El presidente Milei recalc\u00f3 en varias oportunidades su compromiso irrenunciable con el d\u00e9ficit cero. (Foto: REUTERS\/Agustin Marcarian).\"\/><\/figure>\n\n\n\n<p>Por el lado de los\u00a0<strong>ingresos<\/strong>, en enero hab\u00eda crecido fuertemente la contribuci\u00f3n por\u00a0<strong>retenciones<\/strong>\u00a0(574% interanual) y\u00a0<strong>derechos de importaci\u00f3n<\/strong>\u00a0(377,3% en un a\u00f1o), as\u00ed como el\u00a0impuesto PAIS,   que salt\u00f3 1302% en 12 meses.<\/p>\n\n\n\n<p>Entre los\u00a0<strong>gastos primarios<\/strong>, las prestaciones de la\u00a0<strong>seguridad social<\/strong>, hab\u00edan crecido 125% interanual en enero, sin contar el bono o refuerzo de ingresos. Por su parte, el gasto en remuneraciones hab\u00eda aumentado 158,1% en un a\u00f1o.<\/p>\n\n\n\n<p>Por su parte, las&nbsp;<strong>transferencias corrientes al sector privado<\/strong>&nbsp;hab\u00edan subido 125,6% en enero, en comparaci\u00f3n con el mismo mes de 2023. All\u00ed se incluyen los bonos a jubilados, las prestaciones del PAMI, las asignaciones familiares, los programas de Pol\u00edtica Alimentaria y el Programa Nacional de Inclusi\u00f3n Socio-productiva y desarrollo local.<\/p>\n\n\n\n<p>Las&nbsp;<strong>transferencias corrientes al sector p\u00fablico<\/strong>&nbsp;hab\u00edan crecido 71,2% intearnual en enero. En ese rubro se destacaron las asistencias financieras a universidades. Finalmente, los&nbsp;<strong>subsidios<\/strong>&nbsp;econ\u00f3micos hab\u00edan subido 27,5% en 12 meses, con un incremento en los destinados al transporte en detrimento de los energ\u00e9ticos.<\/p>\n","protected":false},"excerpt":{"rendered":"<p>El anuncio lo hizo el ministro de Econom\u00eda a trav\u00e9s de sus redes sociales. En enero, tambi\u00e9n se hab\u00eda conseguido un resultado positivo. El d\u00e9ficit cero es uno de los&hellip; <\/p>\n","protected":false},"author":8,"featured_media":133007,"comment_status":"closed","ping_status":"open","sticky":false,"template":"","format":"standard","meta":{"footnotes":""},"categories":[20],"tags":[],"class_list":["post-133006","post","type-post","status-publish","format-standard","has-post-thumbnail","hentry","category-economia"],"_links":{"self":[{"href":"https:\/\/corrientesdetarde.com\/index.php\/wp-json\/wp\/v2\/posts\/133006","targetHints":{"allow":["GET"]}}],"collection":[{"href":"https:\/\/corrientesdetarde.com\/index.php\/wp-json\/wp\/v2\/posts"}],"about":[{"href":"https:\/\/corrientesdetarde.com\/index.php\/wp-json\/wp\/v2\/types\/post"}],"author":[{"embeddable":true,"href":"https:\/\/corrientesdetarde.com\/index.php\/wp-json\/wp\/v2\/users\/8"}],"replies":[{"embeddable":true,"href":"https:\/\/corrientesdetarde.com\/index.php\/wp-json\/wp\/v2\/comments?post=133006"}],"version-history":[{"count":1,"href":"https:\/\/corrientesdetarde.com\/index.php\/wp-json\/wp\/v2\/posts\/133006\/revisions"}],"predecessor-version":[{"id":133008,"href":"https:\/\/corrientesdetarde.com\/index.php\/wp-json\/wp\/v2\/posts\/133006\/revisions\/133008"}],"wp:featuredmedia":[{"embeddable":true,"href":"https:\/\/corrientesdetarde.com\/index.php\/wp-json\/wp\/v2\/media\/133007"}],"wp:attachment":[{"href":"https:\/\/corrientesdetarde.com\/index.php\/wp-json\/wp\/v2\/media?parent=133006"}],"wp:term":[{"taxonomy":"category","embeddable":true,"href":"https:\/\/corrientesdetarde.com\/index.php\/wp-json\/wp\/v2\/categories?post=133006"},{"taxonomy":"post_tag","embeddable":true,"href":"https:\/\/corrientesdetarde.com\/index.php\/wp-json\/wp\/v2\/tags?post=133006"}],"curies":[{"name":"wp","href":"https:\/\/api.w.org\/{rel}","templated":true}]}}