{"id":133009,"date":"2024-03-15T16:12:40","date_gmt":"2024-03-15T19:12:40","guid":{"rendered":"https:\/\/corrientesdetarde.com\/?p=133009"},"modified":"2024-03-15T16:12:52","modified_gmt":"2024-03-15T19:12:52","slug":"murio-una-mujer-brasilena-que-estuvo-24-anos-en-coma-nunca-pudo-ser-identificada-y-tampoco-recibio-visitas-2","status":"publish","type":"post","link":"https:\/\/corrientesdetarde.com\/index.php\/internacionales\/murio-una-mujer-brasilena-que-estuvo-24-anos-en-coma-nunca-pudo-ser-identificada-y-tampoco-recibio-visitas-2\/","title":{"rendered":"Muri\u00f3 una mujer brasile\u00f1a que estuvo 24 a\u00f1os en coma: nunca pudo ser identificada y tampoco recibi\u00f3 visitas"},"content":{"rendered":"\n<p>Clarinha, como la llamaba el equipo m\u00e9dico del Hospital de la Polic\u00eda Militar de Vitoria, hab\u00eda quedado en estado vegetativo a ra\u00edz de un accidente en la v\u00eda p\u00fablica a comienzos del 2000.<\/p>\n\n\n\n<p><strong>Una mujer brasile\u00f1a que estuvo 24 a\u00f1os en coma como consecuencia de un accidente de tr\u00e1nsito falleci\u00f3 este jueves<\/strong>, seg\u00fan informaron las autoridades del hospital en el que se encontraba internada desde el 2000.<\/p>\n\n\n\n<p><strong>Este caso cobr\u00f3 repercusi\u00f3n en Brasil, ya que la paciente nunca pudo ser identificada y tampoco recibi\u00f3 visitas durante las m\u00e1s de dos d\u00e9cadas en las que permaneci\u00f3 postrada en estado vegetativo<\/strong>. Tras ser atropellada a comienzos del siglo, fue rescatada por las autoridades de la ciudad de Vitoria, pero no ten\u00eda consigo su documentaci\u00f3n y ya estaba inconsciente cuando arrib\u00f3 al Hospital de la Polic\u00eda Militar.<\/p>\n\n\n\n<figure class=\"wp-block-image\"><img decoding=\"async\" src=\"https:\/\/tn.com.ar\/resizer\/bYYNy_lG-c8JceJSdnHxQfYSIPA=\/767x0\/smart\/filters:format(webp)\/cloudfront-us-east-1.images.arcpublishing.com\/artear\/VZXQFB3RWJCUFBTB4YY3UM3AKA.jpg\" alt=\"La mujer estuvo internada desde comienzos del siglo. Foto: TV Gazeta\"\/><\/figure>\n\n\n\n<p>Luego de conocerse la historia de Clarinha, como la llamaba el equipo m\u00e9dico, m\u00e1s de 100 familias se comunicaron con el Ministerio P\u00fablico para identificarla como un posible familiar desaparecido. De este total, 22 casos llamaron m\u00e1s la atenci\u00f3n por las fotos o la similitud de los datos cercanos al perfil de la mujer. Despu\u00e9s de un examen m\u00e1s detallado, los resultados fueron incompatibles.<\/p>\n\n\n\n<p>Como no existen documentos oficiales,\u00a0<strong>el cuerpo puede ser enterrado como \u201cindigente\u201d luego de pasar por el Servicio de Verificaci\u00f3n de Defunciones (SVO)<\/strong>. Sin embargo,<strong>\u00a0los m\u00e9dicos que la atendieron a lo largo de estos a\u00f1os buscan evitar esta situaci\u00f3n\u00a0<\/strong>y brindarle un entierro digno.<\/p>\n\n\n\n<p>Seg\u00fan inform\u00f3 el medio O Globo, a\u00fan no se defini\u00f3 de qu\u00e9 se har\u00e1 con el cad\u00e1ver, pero la idea es que por el momento no sea enterrado en ning\u00fan sitio.<\/p>\n","protected":false},"excerpt":{"rendered":"<p>Clarinha, como la llamaba el equipo m\u00e9dico del Hospital de la Polic\u00eda Militar de Vitoria, hab\u00eda quedado en estado vegetativo a ra\u00edz de un accidente en la v\u00eda p\u00fablica a&hellip; <\/p>\n","protected":false},"author":8,"featured_media":133010,"comment_status":"closed","ping_status":"open","sticky":false,"template":"","format":"standard","meta":{"footnotes":""},"categories":[11],"tags":[],"class_list":["post-133009","post","type-post","status-publish","format-standard","has-post-thumbnail","hentry","category-internacionales"],"_links":{"self":[{"href":"https:\/\/corrientesdetarde.com\/index.php\/wp-json\/wp\/v2\/posts\/133009","targetHints":{"allow":["GET"]}}],"collection":[{"href":"https:\/\/corrientesdetarde.com\/index.php\/wp-json\/wp\/v2\/posts"}],"about":[{"href":"https:\/\/corrientesdetarde.com\/index.php\/wp-json\/wp\/v2\/types\/post"}],"author":[{"embeddable":true,"href":"https:\/\/corrientesdetarde.com\/index.php\/wp-json\/wp\/v2\/users\/8"}],"replies":[{"embeddable":true,"href":"https:\/\/corrientesdetarde.com\/index.php\/wp-json\/wp\/v2\/comments?post=133009"}],"version-history":[{"count":1,"href":"https:\/\/corrientesdetarde.com\/index.php\/wp-json\/wp\/v2\/posts\/133009\/revisions"}],"predecessor-version":[{"id":133011,"href":"https:\/\/corrientesdetarde.com\/index.php\/wp-json\/wp\/v2\/posts\/133009\/revisions\/133011"}],"wp:featuredmedia":[{"embeddable":true,"href":"https:\/\/corrientesdetarde.com\/index.php\/wp-json\/wp\/v2\/media\/133010"}],"wp:attachment":[{"href":"https:\/\/corrientesdetarde.com\/index.php\/wp-json\/wp\/v2\/media?parent=133009"}],"wp:term":[{"taxonomy":"category","embeddable":true,"href":"https:\/\/corrientesdetarde.com\/index.php\/wp-json\/wp\/v2\/categories?post=133009"},{"taxonomy":"post_tag","embeddable":true,"href":"https:\/\/corrientesdetarde.com\/index.php\/wp-json\/wp\/v2\/tags?post=133009"}],"curies":[{"name":"wp","href":"https:\/\/api.w.org\/{rel}","templated":true}]}}