{"id":133027,"date":"2024-03-15T17:48:57","date_gmt":"2024-03-15T20:48:57","guid":{"rendered":"https:\/\/corrientesdetarde.com\/?p=133027"},"modified":"2024-03-15T17:51:42","modified_gmt":"2024-03-15T20:51:42","slug":"walter-ceballos-respaldo-a-martin-lousteau-por-su-voto-contra-el-dnu-70","status":"publish","type":"post","link":"https:\/\/corrientesdetarde.com\/index.php\/politica\/walter-ceballos-respaldo-a-martin-lousteau-por-su-voto-contra-el-dnu-70\/","title":{"rendered":"WALTER CEBALLOS RESPALD\u00d3 A MART\u00cdN LOUSTEAU POR SU VOTO CONTRA EL DNU 70"},"content":{"rendered":"\n<p>El dirigente del Radicalismo en San Luis, Walter Ceballos, ha salido en apoyo del senador Mart\u00edn Lousteau por su decisi\u00f3n de votar en contra del pol\u00e9mico DNU presentado por Javier Milei.<\/p>\n\n\n\n<p>En medio de la creciente controversia desatada por este decreto, Ceballos respald\u00f3 la postura del presidente de la UCR, y critic\u00f3 a los gobernadores del mismo partido que arremetieron contra \u00e9l por su voto.<br>Ceballos adem\u00e1s acus\u00f3 a Milei de ser empleado de corporaciones, de haber trabajado como asesor del mism\u00edsimo Sergio Tom\u00e1s Massa, como de tener v\u00ednculos con Daniel Scioli y de socavar lo p\u00fablico mientras encubre la corrupci\u00f3n kirchnerista.<br>El dirigente puntano destac\u00f3 que Lousteau es un defensor de la Rep\u00fablica y el Federalismo, valores fundamentales que no deben ser cuestionados por aquellos que buscan desacreditarlo.<br>Ceballos, ponder\u00f3 la coincidencia con el Senador Lousteau y resalt\u00f3 el valor de su voto en contra de \u201cun megadecreto inconstitucional\u201d.<br>Advirti\u00f3 que los seguidores fan\u00e1ticos de Milei, est\u00e1n generando una polarizaci\u00f3n innecesaria y alimentando una narrativa que favorece a los intereses kirchneristas.<br>Seg\u00fan Ceballos, estos pol\u00edticos se est\u00e1n aislando de posibles aliados en la lucha por preservar la democracia, ya que priorizan una &#8220;democradura medi\u00e1tica&#8221; sobre los principios republicanos b\u00e1sicos.<br>Ceballos y su apoyo a Mart\u00edn Lousteau resalta la importancia de mantener la coherencia en defensa de la democracia y los principios republicanos, frente a las presiones y ataques provenientes tanto del oficialismo como de sectores extremistas.<\/p>\n","protected":false},"excerpt":{"rendered":"<p>El dirigente del Radicalismo en San Luis, Walter Ceballos, ha salido en apoyo del senador Mart\u00edn Lousteau por su decisi\u00f3n de votar en contra del pol\u00e9mico DNU presentado por Javier&hellip; <\/p>\n","protected":false},"author":11,"featured_media":133028,"comment_status":"closed","ping_status":"open","sticky":false,"template":"","format":"standard","meta":{"footnotes":""},"categories":[3],"tags":[147,1250],"class_list":["post-133027","post","type-post","status-publish","format-standard","has-post-thumbnail","hentry","category-politica","tag-ceballos","tag-lusteau"],"_links":{"self":[{"href":"https:\/\/corrientesdetarde.com\/index.php\/wp-json\/wp\/v2\/posts\/133027","targetHints":{"allow":["GET"]}}],"collection":[{"href":"https:\/\/corrientesdetarde.com\/index.php\/wp-json\/wp\/v2\/posts"}],"about":[{"href":"https:\/\/corrientesdetarde.com\/index.php\/wp-json\/wp\/v2\/types\/post"}],"author":[{"embeddable":true,"href":"https:\/\/corrientesdetarde.com\/index.php\/wp-json\/wp\/v2\/users\/11"}],"replies":[{"embeddable":true,"href":"https:\/\/corrientesdetarde.com\/index.php\/wp-json\/wp\/v2\/comments?post=133027"}],"version-history":[{"count":2,"href":"https:\/\/corrientesdetarde.com\/index.php\/wp-json\/wp\/v2\/posts\/133027\/revisions"}],"predecessor-version":[{"id":133031,"href":"https:\/\/corrientesdetarde.com\/index.php\/wp-json\/wp\/v2\/posts\/133027\/revisions\/133031"}],"wp:featuredmedia":[{"embeddable":true,"href":"https:\/\/corrientesdetarde.com\/index.php\/wp-json\/wp\/v2\/media\/133028"}],"wp:attachment":[{"href":"https:\/\/corrientesdetarde.com\/index.php\/wp-json\/wp\/v2\/media?parent=133027"}],"wp:term":[{"taxonomy":"category","embeddable":true,"href":"https:\/\/corrientesdetarde.com\/index.php\/wp-json\/wp\/v2\/categories?post=133027"},{"taxonomy":"post_tag","embeddable":true,"href":"https:\/\/corrientesdetarde.com\/index.php\/wp-json\/wp\/v2\/tags?post=133027"}],"curies":[{"name":"wp","href":"https:\/\/api.w.org\/{rel}","templated":true}]}}