{"id":133057,"date":"2024-03-15T20:53:32","date_gmt":"2024-03-15T23:53:32","guid":{"rendered":"https:\/\/corrientesdetarde.com\/?p=133057"},"modified":"2024-03-15T20:53:43","modified_gmt":"2024-03-15T23:53:43","slug":"bullrich-dijo-que-lousteau-voto-contra-el-dnu-porque-le-sacaron-la-caja-de-las-universidades-y-el-senador-salio-a-responderle","status":"publish","type":"post","link":"https:\/\/corrientesdetarde.com\/index.php\/politica\/bullrich-dijo-que-lousteau-voto-contra-el-dnu-porque-le-sacaron-la-caja-de-las-universidades-y-el-senador-salio-a-responderle\/","title":{"rendered":"Bullrich dijo que Lousteau vot\u00f3 contra el DNU porque &#8220;le sacaron la caja de las universidades\u201d y el senador sali\u00f3 a responderle"},"content":{"rendered":"\n<p>La ministra de Seguridad dijo que el legislador &#8220;hace pol\u00edtica con la educaci\u00f3n p\u00fablica&#8221;, mientras que el presidente de la UCR sostuvo que la funcionaria forma parte de la &#8220;casta&#8221;, ya que form\u00f3 parte de &#8220;todos los gobiernos de Argentina desde la democracia&#8221;.<\/p>\n\n\n\n<p>La ministra de Seguridad, Patricia Bullrich, critic\u00f3 al senador Mart\u00edn Lousteau por haber votado contra el DNU que desregula la econom\u00eda y plante\u00f3 que su rechazo a la medida se dio porque &#8220;<strong>le sacaron la caja de las universidades<\/strong>\u201d.&nbsp;<\/p>\n\n\n\n<p>&#8220;Uno esperaba que el kirchnerismo te vote en contra, pero actores que lo que hacen es ir en contra del cambio que su votante acompa\u00f1\u00f3, eso es oportunismo. \u00bfY por qu\u00e9?&nbsp;<strong>Porque te bajan las universidades, porque ah\u00ed ten\u00e9s cajas. Las maneja el grupo de Lousteau, manej\u00e1s contratos, manejan las universidades, manejan plata, manejan todo<\/strong>&#8220;, sostuvo la Bullrich en declaraciones televisivas.&nbsp;<\/p>\n\n\n\n<p>En esa l\u00ednea, la funcionaria arremeti\u00f3 contra el senador radical: &#8220;<strong>Lousteau hace pol\u00edtica con la educaci\u00f3n p\u00fablica<\/strong>. En este pa\u00eds hay que hablar con la verdad de una vez por todas. Porque&nbsp;<strong>le tocaron la caja y cuatro universidades no se formaron, ahora el se\u00f1or Losuteau vota te vota en contra<\/strong>\u201d.<\/p>\n\n\n\n<p>\u201cNi uno de su partido, solo (Pablo) Blanco, de Tierra del Fuego, todos los dem\u00e1s votaron razonablemente.&nbsp;<strong>\u00bfPor qu\u00e9? Porque le tocaron su caja. Esta clase de gente hay que sacarla de la pol\u00edtica de una vez por todas<\/strong>\u201d, apunt\u00f3 Bullrich.&nbsp;<\/p>\n\n\n\n<p>En tanto, el presidente de la Uni\u00f3n C\u00edvica Radical sali\u00f3 a responder a la catarata de ataques que recibi\u00f3 por parte de propios y ajenos a ra\u00edz de su voto contra el DNU que impulsa el presidente Javier Milei.&nbsp;<\/p>\n\n\n\n<p>&#8220;<strong>Son mentiras, todas las cr\u00edticas. Que voy a hacer contestar mentira por mentira de gente que dice que no es la casta.<\/strong>&nbsp;<strong>Francos funcionario del gobierno anterior. Patricia Bullrich pas\u00f3 por todos los gobiernos de Argentina desde la democracia<\/strong>. Entonces, \u00bfqu\u00e9 voy a contestar? \u00bfCosa por cosa? Yo voto de acuerdo a mis convicciones\u201d, asegur\u00f3 Lousteau en di\u00e1logo con&nbsp;<em>Radio Rivadavia AM630.<\/em><\/p>\n\n\n\n<p>En este sentido, el legislador le record\u00f3 a Bullrich el respaldo que le dio cuando la actual ministra de Seguridad era candidata a presidenta. &#8220;<strong>Esta es la misma Patricia Bullrich que me ped\u00eda que hiciera campa\u00f1a por ella, que me pidi\u00f3 que fuera al debate, que la acompa\u00f1ara a Venado Tuerto<\/strong>\u201d, enumer\u00f3.<\/p>\n\n\n\n<p>El senador radical qued\u00f3 en el ojo de la tormenta luego de que fue uno de los que vot\u00f3 en contra del DNU que impulsa el Poder Ejecutivo durante la sesi\u00f3n especial que se llev\u00f3 adelante en el d\u00eda de ayer en el Congreso de la Naci\u00f3n.&nbsp;<\/p>\n","protected":false},"excerpt":{"rendered":"<p>La ministra de Seguridad dijo que el legislador &#8220;hace pol\u00edtica con la educaci\u00f3n p\u00fablica&#8221;, mientras que el presidente de la UCR sostuvo que la funcionaria forma parte de la &#8220;casta&#8221;,&hellip; <\/p>\n","protected":false},"author":4,"featured_media":133058,"comment_status":"closed","ping_status":"open","sticky":false,"template":"","format":"standard","meta":{"footnotes":""},"categories":[3],"tags":[],"class_list":["post-133057","post","type-post","status-publish","format-standard","has-post-thumbnail","hentry","category-politica"],"_links":{"self":[{"href":"https:\/\/corrientesdetarde.com\/index.php\/wp-json\/wp\/v2\/posts\/133057","targetHints":{"allow":["GET"]}}],"collection":[{"href":"https:\/\/corrientesdetarde.com\/index.php\/wp-json\/wp\/v2\/posts"}],"about":[{"href":"https:\/\/corrientesdetarde.com\/index.php\/wp-json\/wp\/v2\/types\/post"}],"author":[{"embeddable":true,"href":"https:\/\/corrientesdetarde.com\/index.php\/wp-json\/wp\/v2\/users\/4"}],"replies":[{"embeddable":true,"href":"https:\/\/corrientesdetarde.com\/index.php\/wp-json\/wp\/v2\/comments?post=133057"}],"version-history":[{"count":1,"href":"https:\/\/corrientesdetarde.com\/index.php\/wp-json\/wp\/v2\/posts\/133057\/revisions"}],"predecessor-version":[{"id":133059,"href":"https:\/\/corrientesdetarde.com\/index.php\/wp-json\/wp\/v2\/posts\/133057\/revisions\/133059"}],"wp:featuredmedia":[{"embeddable":true,"href":"https:\/\/corrientesdetarde.com\/index.php\/wp-json\/wp\/v2\/media\/133058"}],"wp:attachment":[{"href":"https:\/\/corrientesdetarde.com\/index.php\/wp-json\/wp\/v2\/media?parent=133057"}],"wp:term":[{"taxonomy":"category","embeddable":true,"href":"https:\/\/corrientesdetarde.com\/index.php\/wp-json\/wp\/v2\/categories?post=133057"},{"taxonomy":"post_tag","embeddable":true,"href":"https:\/\/corrientesdetarde.com\/index.php\/wp-json\/wp\/v2\/tags?post=133057"}],"curies":[{"name":"wp","href":"https:\/\/api.w.org\/{rel}","templated":true}]}}