{"id":133066,"date":"2024-03-15T21:25:21","date_gmt":"2024-03-16T00:25:21","guid":{"rendered":"https:\/\/corrientesdetarde.com\/?p=133066"},"modified":"2024-03-15T21:25:32","modified_gmt":"2024-03-16T00:25:32","slug":"los-sindicatos-de-pilotos-y-aeronavegantes-realizaran-un-paro-en-el-inicio-de-semana-santa","status":"publish","type":"post","link":"https:\/\/corrientesdetarde.com\/index.php\/politica\/los-sindicatos-de-pilotos-y-aeronavegantes-realizaran-un-paro-en-el-inicio-de-semana-santa\/","title":{"rendered":"Los sindicatos de pilotos y aeronavegantes realizar\u00e1n un paro en el inicio de Semana Santa"},"content":{"rendered":"\n<p>La media de fuerza se llevar\u00e1 adelante el 28 y 29 de marzo. Tiene como objetivo reclamar por condiciones laborales y salariales.<\/p>\n\n\n\n<p>La Asociaci\u00f3n de Pilotos de L\u00edneas A\u00e9reas (APLA) anunci\u00f3 hoy un paro de actividades por 48 horas que comenzar\u00e1 el pr\u00f3ximo jueves 28 de marzo, en el inicio del fin de semana largo de Semana Santa.&nbsp;<\/p>\n\n\n\n<p>&#8220;Ante la falta de respuestas de los funcionarios del gobierno y de las autoridades de la empresa a nuestros reiterados reclamos por el atraso salarial que ya supera el 83%, hemos decidido un Paro Total de Actividades por 48 horas a partir de las 00 hs del d\u00eda jueves 28 de marzo&#8221;, manifest\u00f3 APLA a trav\u00e9s de un comunicado de prensa.&nbsp;<\/p>\n\n\n\n<p>Por su parte, la Asociaci\u00f3n Argentina de Aeronavegantes, que encabeza Juan Pablo Brey, denunci\u00f3 el &nbsp;&#8220;estancamiento absoluto de las negociaciones con el Gobierno por la ya impostergable recomposici\u00f3n salarial&#8221;.<\/p>\n\n\n\n<p>\u201cLos Tripulantes de Cabina debemos enfrentar unidos y con determinaci\u00f3n esta lucha por nuestros ingresos, que ya no admiten m\u00e1s deterioro ni demora\u201d, manifestaron desde el gremio tras una asamblea en Aeroparque.&nbsp;<\/p>\n\n\n\n<p>De esta manera, el cese de actividades por parte de los dos sindicatos afectar\u00e1 a los pasajeros durante los vuelos del Jueves Santo y Viernes Santo.<\/p>\n\n\n\n<p>El mi\u00e9rcoles pasado, el gremio de Aeronavegantes que lidera Brey se hab\u00eda declarado en \u201cestado de alerta y movilizaci\u00f3n\u201d y advirti\u00f3 que iba a tomar medidas de fuerza &#8220;de manera inminente\u201d.<\/p>\n\n\n\n<p>APLA realiz\u00f3 una medida de fuerza similar el pasado 28 de febrero junto a la&nbsp;Asociaci\u00f3n de Personal Aeron\u00e1utico (APA) y la Uni\u00f3n de Personal Jer\u00e1rquico (UPSA), por lo que esta ser\u00eda su segunda huelga en menos de un mes.&nbsp;<\/p>\n\n\n\n<p>La acci\u00f3n de protesta se da en un marco de incertidumbre en&nbsp;Aerol\u00edneas Argentinas, ya que el Gobierno nacional tiene intenciones de privatizar la l\u00ednea a\u00e9rea de bandera.&nbsp;<\/p>\n\n\n\n<p>En tanto, desde inicios de marzo rige en la empresa la apertura de retiros voluntarios&nbsp;para el personal de tierra con m\u00e1s de 2 a\u00f1os de antig\u00fcedad, que alcanza a 8 mil trabajadores.&nbsp;<\/p>\n","protected":false},"excerpt":{"rendered":"<p>La media de fuerza se llevar\u00e1 adelante el 28 y 29 de marzo. Tiene como objetivo reclamar por condiciones laborales y salariales. La Asociaci\u00f3n de Pilotos de L\u00edneas A\u00e9reas (APLA)&hellip; <\/p>\n","protected":false},"author":4,"featured_media":133067,"comment_status":"closed","ping_status":"open","sticky":false,"template":"","format":"standard","meta":{"footnotes":""},"categories":[3],"tags":[],"class_list":["post-133066","post","type-post","status-publish","format-standard","has-post-thumbnail","hentry","category-politica"],"_links":{"self":[{"href":"https:\/\/corrientesdetarde.com\/index.php\/wp-json\/wp\/v2\/posts\/133066","targetHints":{"allow":["GET"]}}],"collection":[{"href":"https:\/\/corrientesdetarde.com\/index.php\/wp-json\/wp\/v2\/posts"}],"about":[{"href":"https:\/\/corrientesdetarde.com\/index.php\/wp-json\/wp\/v2\/types\/post"}],"author":[{"embeddable":true,"href":"https:\/\/corrientesdetarde.com\/index.php\/wp-json\/wp\/v2\/users\/4"}],"replies":[{"embeddable":true,"href":"https:\/\/corrientesdetarde.com\/index.php\/wp-json\/wp\/v2\/comments?post=133066"}],"version-history":[{"count":1,"href":"https:\/\/corrientesdetarde.com\/index.php\/wp-json\/wp\/v2\/posts\/133066\/revisions"}],"predecessor-version":[{"id":133068,"href":"https:\/\/corrientesdetarde.com\/index.php\/wp-json\/wp\/v2\/posts\/133066\/revisions\/133068"}],"wp:featuredmedia":[{"embeddable":true,"href":"https:\/\/corrientesdetarde.com\/index.php\/wp-json\/wp\/v2\/media\/133067"}],"wp:attachment":[{"href":"https:\/\/corrientesdetarde.com\/index.php\/wp-json\/wp\/v2\/media?parent=133066"}],"wp:term":[{"taxonomy":"category","embeddable":true,"href":"https:\/\/corrientesdetarde.com\/index.php\/wp-json\/wp\/v2\/categories?post=133066"},{"taxonomy":"post_tag","embeddable":true,"href":"https:\/\/corrientesdetarde.com\/index.php\/wp-json\/wp\/v2\/tags?post=133066"}],"curies":[{"name":"wp","href":"https:\/\/api.w.org\/{rel}","templated":true}]}}