{"id":133259,"date":"2024-03-17T09:16:54","date_gmt":"2024-03-17T12:16:54","guid":{"rendered":"https:\/\/corrientesdetarde.com\/?p=133259"},"modified":"2024-03-17T09:17:05","modified_gmt":"2024-03-17T12:17:05","slug":"braillard-poccard-hay-que-seguir-apostando-en-el-futuro-de-beron-de-astrada-que-es-mas-que-promisorio","status":"publish","type":"post","link":"https:\/\/corrientesdetarde.com\/index.php\/locales\/braillard-poccard-hay-que-seguir-apostando-en-el-futuro-de-beron-de-astrada-que-es-mas-que-promisorio\/","title":{"rendered":"Braillard Poccard: &#8220;Hay que seguir apostando en el futuro de Ber\u00f3n de Astrada que es m\u00e1s que promisorio&#8221;"},"content":{"rendered":"\n<p>El Vicegobernador, Pedro Braillard Poccard, encabez\u00f3 junto a la intendente de Ber\u00f3n de Astrada, Graciela Gonz\u00e1lez, el acto central con motivo del 260\u00b0 aniversario del pueblo.<\/p>\n\n\n\n<p>Al hacer uso de la palabra, Braillard Poccard hizo llegar el saludo del Gobernador Gustavo Vald\u00e9s y expres\u00f3: \u201cConozco esta comunidad desde hace muchos a\u00f1os y cada vez que vengo encuentro algo nuevo, proyectos, esperanzas y vocaci\u00f3n de futuro. As\u00ed que realmente que hoy yo est\u00e9 representando a la provincia es un honor muy alto para m\u00ed\u201d.<\/p>\n\n\n\n<p>Ante este marco destac\u00f3: \u201cEstas oportunidades son homenajes m\u00e1s que justos para el fundador, para las personas que so\u00f1aron y creyeron en esta comunidad, pero tambi\u00e9n para aquellos miles de pr\u00f3ceres an\u00f3nimos que a lo largo del tiempo fueron aportando lo suyo. Docentes, personal de salud, polic\u00edas, comerciantes, todo lo que fueron haciendo a la vida de Ber\u00f3n de Astrada. Y que en honor a ellos es que hay que seguir apostando y creyendo en el futuro de Ber\u00f3n de Astrada, que creo que es m\u00e1s que promisorio\u201d.<\/p>\n\n\n\n<p>En otro orden, el Vicegobernador hizo una menci\u00f3n especial a los abanderados all\u00ed presentes: \u201cSiempre digo que el honor de tener nuestras insignias implica tambi\u00e9n un esfuerzo f\u00edsico muy grande. Por eso muchas veces vemos en los actos que algunos chicos se descomponen, pero ellos le dan un toque muy especial, un toque de belleza muy especial a los actos. As\u00ed que por eso siempre les env\u00edo mi saludo y mi afecto&#8221;.<\/p>\n\n\n\n<p>Por \u00faltimo, Braillard Poccard ratific\u00f3: \u201cEl compromiso es nuestro de seguir acompa\u00f1ando, como ya lo est\u00e1 haciendo el Gobierno de la provincia con algunas obras que son sumamente importantes\u201d.<\/p>\n\n\n\n<p>Entre los presentes estuvieron el diputado nacional Manuel Aguirre; la concejal Melissa Mecca. Los intendentes de Ituzaing\u00f3, Juan Pablo Vald\u00e9s; de Caa Cati, Jorge Meza; de Ita Ibat\u00e9, Secundino Portela; autoridades de la Prefectura Naval Argentina y de las fuerzas policiales; y de los establecimientos escolares.<\/p>\n\n\n\n<figure class=\"wp-block-image size-large\"><img loading=\"lazy\" decoding=\"async\" width=\"1024\" height=\"676\" src=\"https:\/\/corrientesdetarde.com\/wp-content\/uploads\/2024\/03\/image-420-1024x676.png\" alt=\"\" class=\"wp-image-133279\" srcset=\"https:\/\/corrientesdetarde.com\/wp-content\/uploads\/2024\/03\/image-420-1024x676.png 1024w, https:\/\/corrientesdetarde.com\/wp-content\/uploads\/2024\/03\/image-420-300x198.png 300w, https:\/\/corrientesdetarde.com\/wp-content\/uploads\/2024\/03\/image-420-768x507.png 768w, https:\/\/corrientesdetarde.com\/wp-content\/uploads\/2024\/03\/image-420.png 1049w\" sizes=\"auto, (max-width: 1024px) 100vw, 1024px\" \/><\/figure>\n\n\n\n<figure class=\"wp-block-image size-large\"><img loading=\"lazy\" decoding=\"async\" width=\"1024\" height=\"679\" src=\"https:\/\/corrientesdetarde.com\/wp-content\/uploads\/2024\/03\/image-421-1024x679.png\" alt=\"\" class=\"wp-image-133280\" srcset=\"https:\/\/corrientesdetarde.com\/wp-content\/uploads\/2024\/03\/image-421-1024x679.png 1024w, https:\/\/corrientesdetarde.com\/wp-content\/uploads\/2024\/03\/image-421-300x199.png 300w, https:\/\/corrientesdetarde.com\/wp-content\/uploads\/2024\/03\/image-421-768x509.png 768w, https:\/\/corrientesdetarde.com\/wp-content\/uploads\/2024\/03\/image-421.png 1042w\" sizes=\"auto, (max-width: 1024px) 100vw, 1024px\" \/><\/figure>\n\n\n\n<figure class=\"wp-block-image size-large\"><img loading=\"lazy\" decoding=\"async\" width=\"1024\" height=\"684\" src=\"https:\/\/corrientesdetarde.com\/wp-content\/uploads\/2024\/03\/image-422-1024x684.png\" alt=\"\" class=\"wp-image-133281\" srcset=\"https:\/\/corrientesdetarde.com\/wp-content\/uploads\/2024\/03\/image-422-1024x684.png 1024w, https:\/\/corrientesdetarde.com\/wp-content\/uploads\/2024\/03\/image-422-300x200.png 300w, https:\/\/corrientesdetarde.com\/wp-content\/uploads\/2024\/03\/image-422-768x513.png 768w, https:\/\/corrientesdetarde.com\/wp-content\/uploads\/2024\/03\/image-422.png 1040w\" sizes=\"auto, (max-width: 1024px) 100vw, 1024px\" \/><\/figure>\n\n\n\n<figure class=\"wp-block-image size-large\"><img loading=\"lazy\" decoding=\"async\" width=\"1024\" height=\"686\" src=\"https:\/\/corrientesdetarde.com\/wp-content\/uploads\/2024\/03\/image-423-1024x686.png\" alt=\"\" class=\"wp-image-133282\" srcset=\"https:\/\/corrientesdetarde.com\/wp-content\/uploads\/2024\/03\/image-423-1024x686.png 1024w, https:\/\/corrientesdetarde.com\/wp-content\/uploads\/2024\/03\/image-423-300x201.png 300w, https:\/\/corrientesdetarde.com\/wp-content\/uploads\/2024\/03\/image-423-768x514.png 768w, https:\/\/corrientesdetarde.com\/wp-content\/uploads\/2024\/03\/image-423.png 1041w\" sizes=\"auto, (max-width: 1024px) 100vw, 1024px\" \/><\/figure>\n","protected":false},"excerpt":{"rendered":"<p>El Vicegobernador, Pedro Braillard Poccard, encabez\u00f3 junto a la intendente de Ber\u00f3n de Astrada, Graciela Gonz\u00e1lez, el acto central con motivo del 260\u00b0 aniversario del pueblo. Al hacer uso de&hellip; <\/p>\n","protected":false},"author":4,"featured_media":133283,"comment_status":"closed","ping_status":"open","sticky":false,"template":"","format":"standard","meta":{"footnotes":""},"categories":[8],"tags":[],"class_list":["post-133259","post","type-post","status-publish","format-standard","has-post-thumbnail","hentry","category-locales"],"_links":{"self":[{"href":"https:\/\/corrientesdetarde.com\/index.php\/wp-json\/wp\/v2\/posts\/133259","targetHints":{"allow":["GET"]}}],"collection":[{"href":"https:\/\/corrientesdetarde.com\/index.php\/wp-json\/wp\/v2\/posts"}],"about":[{"href":"https:\/\/corrientesdetarde.com\/index.php\/wp-json\/wp\/v2\/types\/post"}],"author":[{"embeddable":true,"href":"https:\/\/corrientesdetarde.com\/index.php\/wp-json\/wp\/v2\/users\/4"}],"replies":[{"embeddable":true,"href":"https:\/\/corrientesdetarde.com\/index.php\/wp-json\/wp\/v2\/comments?post=133259"}],"version-history":[{"count":1,"href":"https:\/\/corrientesdetarde.com\/index.php\/wp-json\/wp\/v2\/posts\/133259\/revisions"}],"predecessor-version":[{"id":133284,"href":"https:\/\/corrientesdetarde.com\/index.php\/wp-json\/wp\/v2\/posts\/133259\/revisions\/133284"}],"wp:featuredmedia":[{"embeddable":true,"href":"https:\/\/corrientesdetarde.com\/index.php\/wp-json\/wp\/v2\/media\/133283"}],"wp:attachment":[{"href":"https:\/\/corrientesdetarde.com\/index.php\/wp-json\/wp\/v2\/media?parent=133259"}],"wp:term":[{"taxonomy":"category","embeddable":true,"href":"https:\/\/corrientesdetarde.com\/index.php\/wp-json\/wp\/v2\/categories?post=133259"},{"taxonomy":"post_tag","embeddable":true,"href":"https:\/\/corrientesdetarde.com\/index.php\/wp-json\/wp\/v2\/tags?post=133259"}],"curies":[{"name":"wp","href":"https:\/\/api.w.org\/{rel}","templated":true}]}}