{"id":133261,"date":"2024-03-17T09:51:18","date_gmt":"2024-03-17T12:51:18","guid":{"rendered":"https:\/\/corrientesdetarde.com\/?p=133261"},"modified":"2024-03-17T09:51:30","modified_gmt":"2024-03-17T12:51:30","slug":"una-senadora-de-la-ucr-que-voto-contra-el-dnu-de-milei-denuncio-que-la-amenazaron-de-muerte","status":"publish","type":"post","link":"https:\/\/corrientesdetarde.com\/index.php\/politica\/una-senadora-de-la-ucr-que-voto-contra-el-dnu-de-milei-denuncio-que-la-amenazaron-de-muerte\/","title":{"rendered":"Una senadora de la UCR que vot\u00f3 contra el DNU de Milei denunci\u00f3 que la amenazaron de muerte"},"content":{"rendered":"\n<p>Se trata de la legisladora por Chubut Edith Terenzi, quien es radical pero integra el bloque Cambio Federal. Las amenazas se dieron despu\u00e9s de que plante\u00f3 una moci\u00f3n de privilegio en la que estaba involucrado el Presidente.<\/p>\n\n\n\n<p>La senadora nacional del radicalismo Edith Terenzi denunci\u00f3 hoy haber recibido<strong>&nbsp;amenazas de muerte en su tel\u00e9fono por una cuesti\u00f3n de privilegio<\/strong>&nbsp;antes de la sesi\u00f3n donde se vot\u00f3 el DNU del presidente Javier Milei en el Senado.&nbsp;<\/p>\n\n\n\n<p>M\u00e1s tarde, la legisladora de la UCR que integra el bloque Cambio Federal&nbsp;<strong>rechaz\u00f3 el decreto presidencial y los mensajes intimidatorios se intensificaron<\/strong>.&nbsp;<\/p>\n\n\n\n<p>&#8220;Despu\u00e9s de haber planteado la cuesti\u00f3n de privilegio, cinco o seis horas antes de haber rechazado el DNU,&nbsp;<strong>empec\u00e9 a recibir amenazas en mi tel\u00e9fono, pr\u00e1cticamente a partir de la una de la tarde<\/strong>.<strong>&nbsp;Empezaron a viralizar mi tel\u00e9fono, mis datos personales, las barbaridades que dicen por privado<\/strong>&#8220;, asegur\u00f3 la Terenzi en declaraciones a&nbsp;<em>Radio Splendid AM 990<\/em>.&nbsp;<\/p>\n\n\n\n<p>En esa l\u00ednea, la legisladora afirm\u00f3 que no estaban habituados a este nivel de agresi\u00f3n. &#8220;Estamos acostumbrados a disentir pero<strong>&nbsp;no a<\/strong>&nbsp;<strong>maltratarnos de esa forma y eso tambi\u00e9n creo que tiene que ver con las actitudes del presidente de la Naci\u00f3n<\/strong>&#8220;, se\u00f1al\u00f3<\/p>\n\n\n\n<p>La senadora se expres\u00f3 adem\u00e1s sobre el contenido de los mensajes que recibi\u00f3 en su celular. \u201cNo voy a decir malas palabras, pero&nbsp;<strong>entr\u00e9 en la categor\u00eda de vieja meada, que es lo m\u00e1s natural que dicen en las huestes de (Javier) Milei<\/strong>\u201d, subray\u00f3 la senadora.&nbsp;<\/p>\n\n\n\n<p>\u201cPas\u00e9 a ser casta. A m\u00ed me conocen mucho en mi provincia, no pertenec\u00ed ni pertenecer\u00e9 a ninguna casta, ni a las caracter\u00edsticas que refleja Milei cuando habla de casta. Despu\u00e9s se acordaron de mi madre, de algunas partes del cuerpo de mi hermana y tambi\u00e9n dicen: \u2018<strong>Cuando te crucemos por la calle te vamos a matar. Cuidate porque donde te veamos te vamos a liquidar<\/strong>\u2019\u201d, relat\u00f3 Terenzi.&nbsp;<\/p>\n\n\n\n<p>En este sentido, la dirigente pol\u00edtica de origen radical apunto: &#8220;<strong>Ese es el nivel de agresi\u00f3n y amenazas que maneja este grupo de trolls que vienen de la Presidencia de la Naci\u00f3n<\/strong>&#8220;.<\/p>\n\n\n\n<p>A su vez, explic\u00f3 que lo sucedido se dio despu\u00e9s de haber solicitado una cuesti\u00f3n de privilegio en la que le pidi\u00f3 a Milei un pedido de \u201cdisculpas por las aberraciones que hab\u00eda acompa\u00f1ado en redes&#8221;.&nbsp;<\/p>\n\n\n\n<p>&#8220;Todav\u00eda no hab\u00eda votado en contra del DNU, por supuesto despu\u00e9s eso se duplic\u00f3&#8221;, revel\u00f3 la senadora.&nbsp;<\/p>\n\n\n\n<p>Terenzi fue elegida senadora en 2021 por Juntos por el Cambio (JxC), aunque integra el bloque Cambio Federal que encabeza el salte\u00f1o Juan Carlos Romero.&nbsp;<\/p>\n","protected":false},"excerpt":{"rendered":"<p>Se trata de la legisladora por Chubut Edith Terenzi, quien es radical pero integra el bloque Cambio Federal. Las amenazas se dieron despu\u00e9s de que plante\u00f3 una moci\u00f3n de privilegio&hellip; <\/p>\n","protected":false},"author":4,"featured_media":133287,"comment_status":"closed","ping_status":"open","sticky":false,"template":"","format":"standard","meta":{"footnotes":""},"categories":[3],"tags":[],"class_list":["post-133261","post","type-post","status-publish","format-standard","has-post-thumbnail","hentry","category-politica"],"_links":{"self":[{"href":"https:\/\/corrientesdetarde.com\/index.php\/wp-json\/wp\/v2\/posts\/133261","targetHints":{"allow":["GET"]}}],"collection":[{"href":"https:\/\/corrientesdetarde.com\/index.php\/wp-json\/wp\/v2\/posts"}],"about":[{"href":"https:\/\/corrientesdetarde.com\/index.php\/wp-json\/wp\/v2\/types\/post"}],"author":[{"embeddable":true,"href":"https:\/\/corrientesdetarde.com\/index.php\/wp-json\/wp\/v2\/users\/4"}],"replies":[{"embeddable":true,"href":"https:\/\/corrientesdetarde.com\/index.php\/wp-json\/wp\/v2\/comments?post=133261"}],"version-history":[{"count":1,"href":"https:\/\/corrientesdetarde.com\/index.php\/wp-json\/wp\/v2\/posts\/133261\/revisions"}],"predecessor-version":[{"id":133288,"href":"https:\/\/corrientesdetarde.com\/index.php\/wp-json\/wp\/v2\/posts\/133261\/revisions\/133288"}],"wp:featuredmedia":[{"embeddable":true,"href":"https:\/\/corrientesdetarde.com\/index.php\/wp-json\/wp\/v2\/media\/133287"}],"wp:attachment":[{"href":"https:\/\/corrientesdetarde.com\/index.php\/wp-json\/wp\/v2\/media?parent=133261"}],"wp:term":[{"taxonomy":"category","embeddable":true,"href":"https:\/\/corrientesdetarde.com\/index.php\/wp-json\/wp\/v2\/categories?post=133261"},{"taxonomy":"post_tag","embeddable":true,"href":"https:\/\/corrientesdetarde.com\/index.php\/wp-json\/wp\/v2\/tags?post=133261"}],"curies":[{"name":"wp","href":"https:\/\/api.w.org\/{rel}","templated":true}]}}