{"id":133276,"date":"2024-03-17T08:57:59","date_gmt":"2024-03-17T11:57:59","guid":{"rendered":"https:\/\/corrientesdetarde.com\/?p=133276"},"modified":"2024-03-17T08:58:11","modified_gmt":"2024-03-17T11:58:11","slug":"uribe-avalo-la-politica-de-milei-en-rosario-contra-los-narcos-y-el-empleo-de-las-fuerzas-armadas","status":"publish","type":"post","link":"https:\/\/corrientesdetarde.com\/index.php\/politica\/uribe-avalo-la-politica-de-milei-en-rosario-contra-los-narcos-y-el-empleo-de-las-fuerzas-armadas\/","title":{"rendered":"Uribe aval\u00f3 la pol\u00edtica de Milei en Rosario contra los narcos y el empleo de las fuerzas armadas"},"content":{"rendered":"\n<p>El expresidente colombiano dijo que los militares tienen que actuar &#8220;siempre en el \u00e1mbito de la legalidad&#8221;.<\/p>\n\n\n\n<p>El ex presidente de Colombia \u00c1lvaro Uribe celebr\u00f3 este s\u00e1bado las pol\u00edticas del Gobierno argentino para combatir el narcotr\u00e1fico en Rosario, adem\u00e1s de la utilizaci\u00f3n de las fuerzas armadas en esa cuesti\u00f3n de seguridad interna.&nbsp;<\/p>\n\n\n\n<p><strong>&#8220;Celebro las decisiones del gobierno de Argentina&#8221;,&nbsp;<\/strong>asegur\u00f3 quien fuera presidente colombiano durante dos per\u00edodos, entre 2002 y 2010.<\/p>\n\n\n\n<p>&#8220;Desde la comunidad internacional celebramos y apoyamos las decisiones del presidente (Javier) Milei&#8221;, expres\u00f3 Uribe, que protagoniz\u00f3 una pol\u00edtica intensa para erradicar la influencia de&nbsp;<br>los carteles de narcotr\u00e1fico en su pa\u00eds.<\/p>\n\n\n\n<p><strong>En declaraciones a<\/strong><em><strong>&nbsp;Radio Splendid<\/strong><\/em><strong>, Uribe tambi\u00e9n aval\u00f3 el empleo de las fuerzas armadas para combatir el narcotr\u00e1fico.&nbsp;<\/strong><\/p>\n\n\n\n<p><strong>&#8220;Yo involucr\u00e9 a todas las fuerzas. Siempre en el respeto de la legalidad. Las fuerzas armadas tienen que tener las mismas obligaciones&#8221;,<\/strong>&nbsp;expres\u00f3 el expresidente.&nbsp;<\/p>\n\n\n\n<p>&nbsp;Al referirse a la situaci\u00f3n de su pa\u00eds, sostuvo que la durante &nbsp;su administraci\u00f3n &#8220;se baj\u00f3 mucho&#8221; la incidencia del narcotr\u00e1fico, pero &#8220;ahora resurgi\u00f3&#8221;.&nbsp;<\/p>\n\n\n\n<p>&#8220;Ahora tenemos un problema muy grande&#8221;, dijo Uribe mientras que fue cr\u00edtico con el gobierno actual del presidente Gustavo Petro, al marcar concesiones que les habr\u00eda hecho a insurgentes de las FARC, las cuales habr\u00edan facilitado la actividad de los carteles.&nbsp;<\/p>\n\n\n\n<p>Al describir el concepto de narcoterrorismo, sostuvo que los narcos &#8220;empiezan con la violencia entre ellos, despu\u00e9s van contra jueces, gobernantes, intendentes y hasta profesores de escuelas&#8221;.&nbsp;<br>&nbsp;<\/p>\n\n\n\n<p>&nbsp;Adem\u00e1s, hizo \u00e9nfasis en la pol\u00edtica de sus gobiernos para combatir el flagelo. &nbsp;&#8220;Avanzamos con las extradiciones, las confiscaciones de bienes y obligarlos a que demuestren que esos bienes no proven\u00edan del narcotr\u00e1fico&#8221;, explic\u00f3.<\/p>\n\n\n\n<p>Uribe indic\u00f3 que el acento de la pol\u00edtica criminal &#8220;nunca fue contra los cocaleros, sino contra las bandas criminales.<\/p>\n\n\n\n<p>&#8220;Al campesino lo ayudamos con proyectos alternativos, como el caf\u00e9 y otros cultivos&#8221;, se\u00f1al\u00f3 en en ese sentido.&nbsp;<\/p>\n\n\n\n<p>El exmandatario tambi\u00e9n hizo alusi\u00f3n a la pol\u00edtica de su pa\u00eds, al se\u00f1alar que si bien &#8220;la pol\u00edtica social&#8221; del gobierno de Gustavo Petro &#8220;es importante&#8221;, se puede volver &#8220;insostenible&#8221;, cuando se crea &#8220;p\u00e1nico en la actividad privada con abundancia de normas laborales y tributarias&#8221;. &nbsp; &#8220;El Estado volvi\u00f3 a crecer en burocracia y las pol\u00edticas sociales se hacen insostenibles&#8221;, alert\u00f3.<br>.&nbsp;<br><strong>&nbsp; Extranjeros en las universidades argentinas<\/strong><br>.<br>&nbsp; El ex presidente colombiano tambi\u00e9n se refiri\u00f3 al posible arancelamiento de las universidades p\u00fablicas argentinas para estudiantes extranjeros.&nbsp;<\/p>\n\n\n\n<p>Uribe sostuvo que si es de aplicaci\u00f3n inmediata para los actuales estudiantes &#8220;ser\u00eda un problema para las familias&#8221;. &nbsp; &nbsp;Asegur\u00f3 que los estudiantes a la Argentina por &#8220;la calidad del&nbsp;<br>pa\u00eds&#8221; y no por la gratuidad.&nbsp;<\/p>\n\n\n\n<p>Uribe tambi\u00e9n hizo alusi\u00f3n a la pol\u00edtica de su pa\u00eds, al se\u00f1alar que si bien &#8220;la pol\u00edtica social&#8221; del gobierno de Gustavo Petro &#8220;es importante&#8221;, se puede volver &#8220;insostenible&#8221;, cuando se crea &#8220;p\u00e1nico en la actividad privada con abundancia de normas laborales y tributarias&#8221;.&nbsp;<\/p>\n\n\n\n<p><strong>&#8220;El Estado volvi\u00f3 a crecer en burocracia y las pol\u00edticas sociales se hacen insostenibles&#8221;, alert\u00f3. &nbsp;&#8220;Con todo respeto tengo que decir que los que han estudiado en la Argentina no es por la atracci\u00f3n que ejerce la gratuidad, es por el pa\u00eds y el nivel que tiene<\/strong>&#8220;, explic\u00f3.&nbsp;<\/p>\n","protected":false},"excerpt":{"rendered":"<p>El expresidente colombiano dijo que los militares tienen que actuar &#8220;siempre en el \u00e1mbito de la legalidad&#8221;. El ex presidente de Colombia \u00c1lvaro Uribe celebr\u00f3 este s\u00e1bado las pol\u00edticas del&hellip; <\/p>\n","protected":false},"author":4,"featured_media":133277,"comment_status":"closed","ping_status":"open","sticky":false,"template":"","format":"standard","meta":{"footnotes":""},"categories":[3],"tags":[],"class_list":["post-133276","post","type-post","status-publish","format-standard","has-post-thumbnail","hentry","category-politica"],"_links":{"self":[{"href":"https:\/\/corrientesdetarde.com\/index.php\/wp-json\/wp\/v2\/posts\/133276","targetHints":{"allow":["GET"]}}],"collection":[{"href":"https:\/\/corrientesdetarde.com\/index.php\/wp-json\/wp\/v2\/posts"}],"about":[{"href":"https:\/\/corrientesdetarde.com\/index.php\/wp-json\/wp\/v2\/types\/post"}],"author":[{"embeddable":true,"href":"https:\/\/corrientesdetarde.com\/index.php\/wp-json\/wp\/v2\/users\/4"}],"replies":[{"embeddable":true,"href":"https:\/\/corrientesdetarde.com\/index.php\/wp-json\/wp\/v2\/comments?post=133276"}],"version-history":[{"count":1,"href":"https:\/\/corrientesdetarde.com\/index.php\/wp-json\/wp\/v2\/posts\/133276\/revisions"}],"predecessor-version":[{"id":133278,"href":"https:\/\/corrientesdetarde.com\/index.php\/wp-json\/wp\/v2\/posts\/133276\/revisions\/133278"}],"wp:featuredmedia":[{"embeddable":true,"href":"https:\/\/corrientesdetarde.com\/index.php\/wp-json\/wp\/v2\/media\/133277"}],"wp:attachment":[{"href":"https:\/\/corrientesdetarde.com\/index.php\/wp-json\/wp\/v2\/media?parent=133276"}],"wp:term":[{"taxonomy":"category","embeddable":true,"href":"https:\/\/corrientesdetarde.com\/index.php\/wp-json\/wp\/v2\/categories?post=133276"},{"taxonomy":"post_tag","embeddable":true,"href":"https:\/\/corrientesdetarde.com\/index.php\/wp-json\/wp\/v2\/tags?post=133276"}],"curies":[{"name":"wp","href":"https:\/\/api.w.org\/{rel}","templated":true}]}}