{"id":133289,"date":"2024-03-17T09:53:21","date_gmt":"2024-03-17T12:53:21","guid":{"rendered":"https:\/\/corrientesdetarde.com\/?p=133289"},"modified":"2024-03-17T09:53:25","modified_gmt":"2024-03-17T12:53:25","slug":"milei-con-las-redes-sociales-puedo-estar-rapido-de-reflejos-y-ver-donde-estan-los-problemas","status":"publish","type":"post","link":"https:\/\/corrientesdetarde.com\/index.php\/politica\/milei-con-las-redes-sociales-puedo-estar-rapido-de-reflejos-y-ver-donde-estan-los-problemas\/","title":{"rendered":"Milei: \u201cCon las redes sociales puedo estar r\u00e1pido de reflejos y ver d\u00f3nde est\u00e1n los problemas\u201d"},"content":{"rendered":"\n<p>El Presidente afirm\u00f3 que \u00e9so le molesta a &#8220;los pol\u00edticos tradicionales y a los periodistas&#8221;.<\/p>\n\n\n\n<p>El presidente Javier Milei defendi\u00f3 el tiempo que le dedica a las redes sociales y afirm\u00f3 que as\u00ed puede &#8220;estar r\u00e1pido de reflejos y ver d\u00f3nde est\u00e1n los problemas r\u00e1pidamente&#8221; a la hora de gobernar.<\/p>\n\n\n\n<p>&#8220;Algunos periodistas creen arrogantemente que tiene que ser el intermediario con la gente: no entienden esto de tener una comunicaci\u00f3n directa con la gente a trav\u00e9s de redes sociales&#8221;, sostuvo el mandatario.<\/p>\n\n\n\n<p>En ese sentido, cont\u00f3 que se informa &#8220;siguiendo las redes sociales&#8221; y precis\u00f3 que apela a esas herramientas digitales \u201cen el desayuno, el almuerzo, la merienda y la cena y despu\u00e9s a lo largo de toda la noche\u201d.<\/p>\n\n\n\n<p>Y continu\u00f3: &#8220;No necesito que me vengan a contar, lo tengo de primera mano y eso me permite estar r\u00e1pido de reflejos y ver d\u00f3nde est\u00e1n los problemas r\u00e1pidamente&#8221;.<\/p>\n\n\n\n<p>En declaraciones radiales, el jefe de Estado remarc\u00f3: &#8220;\u00c9sto no lo tienen los pol\u00edticos tradicionales, que necesitan de los focus groups&#8221;.<\/p>\n\n\n\n<p>Adem\u00e1s, neg\u00f3 que tenga un ej\u00e9rcito de trolls para atacar en redes sociales: \u201cMuchos de nuestros seguidores son muy combativos en las redes. Yo no necesito decir nada. Son absolutamente inorg\u00e1nicos, inmanejables\u201d.<\/p>\n\n\n\n<p>&#8220;La mayor\u00eda de los pol\u00edticos no pueden pisar la calle, porque si la gente los reconociera, los descuartizar\u00eda vivos&#8221;, lanz\u00f3.<\/p>\n\n\n\n<h2 class=\"wp-block-heading\">La negociaci\u00f3n por la Ley Bases<\/h2>\n\n\n\n<p>El mandatario se refiri\u00f3 a la negociaci\u00f3n con gobernadores y legisladores de cara al env\u00edo del nuevo proyecto de la Ley Bases y remarc\u00f3 que el ministro del Interior, Guillermo Francos, &#8220;est\u00e1 haciendo un trabajo excepcional&#8221;.<\/p>\n\n\n\n<p>&#8220;Creemos que prontamente vamos a llegar a un acuerdo y reenviar una nueva versi\u00f3n de la Ley Bases&#8221;, asegur\u00f3.<\/p>\n\n\n\n<p>En ese sentido, se quej\u00f3 de que la anterior versi\u00f3n \u201cla estaban desguazando porque los pol\u00edticos no quer\u00eda perder sus privilegios de casta\u201d y reiter\u00f3 que aquel fracaso legislativo \u201cpermiti\u00f3 ordenar el espectro ideol\u00f3gico\u201d.<\/p>\n\n\n\n<p>Asimismo, consider\u00f3 que para el Pacto de Mayo \u201cest\u00e1 complicado llegar si la intenci\u00f3n de la pol\u00edtica tradicional es seguir defendiendo el status quo, a la casta\u201d.<\/p>\n\n\n\n<p>&#8220;Si se comportan como se comportaron como con el DNU, est\u00e1 lejos. Si se comportan de otra manera y recapacitan que es m\u00e1s importante el bienestar de los argentinos que los privilegios de la casta, va a haber m\u00e1s chances. Lo bueno es que la gente los est\u00e1 identificando&#8221;, a\u00f1adi\u00f3.<\/p>\n\n\n\n<p>Y advirti\u00f3: &#8220;La gente ya identific\u00f3 nombre y carita&#8221;.<\/p>\n\n\n\n<h2 class=\"wp-block-heading\">El viaje a Rosario<\/h2>\n\n\n\n<p>Milei tambi\u00e9n se mostr\u00f3 dispuesto a viajar a Rosario, para \u201cdar apoyo\u201d a las medidas de seguridad impulsadas por la ministra de Seguridad, Patricia Bullrich, y su par de Defensa, Luis Petri.<\/p>\n\n\n\n<p>\u201cCuando la ministra me lo solicite voy a estar en Rosario, como en cualquier lugar de la Argentina donde la gente me necesite\u201d, afirm\u00f3.<\/p>\n\n\n\n<h2 class=\"wp-block-heading\">Los cambios en la Casa Militar<\/h2>\n\n\n\n<p>El Presidente tambi\u00e9n explic\u00f3 las razones detr\u00e1s de la\u00a0remoci\u00f3n de Alejandro Guglielmi al frente de la Casa Militar.<\/p>\n\n\n\n<p>\u201cFue una decisi\u00f3n que tom\u00f3 mi hermana (la secretaria general de la Presidencia, Karina Milei) a la luz de algunas situaciones en las que no se sinti\u00f3 c\u00f3moda&#8221;, manifest\u00f3.<\/p>\n\n\n\n<h2 class=\"wp-block-heading\">Desaf\u00edo al paro de trabajadores a\u00e9reos<\/h2>\n\n\n\n<p>El l\u00edder libertario tambi\u00e9n habl\u00f3 sobre el\u00a0paro de 48 horas de la Asociaci\u00f3n de Pilotos de L\u00edneas A\u00e9reas (APLA), anunciado para el pr\u00f3ximo jueves 28 de marzo, en el inicio del fin de semana\u00a0<br>largo de Semana Santa.<\/p>\n\n\n\n<p>&#8220;Cuando se juega al ajedrez, el que juega con las blancas tienen ventaja. Pero hay un dicho que dice que las negras tambi\u00e9n juegan. Ellos est\u00e1n moviendo, nosotros tambi\u00e9n vamos a mover&#8221;,&nbsp;<br>desafi\u00f3.<\/p>\n\n\n\n<p>Al ser consultado sobre si las personas que tienen previsto viajar en esas fechas podr\u00edan hacerlo de manera normal, Milei respondi\u00f3: &#8220;No lo s\u00e9, pero nosotros vamos a hacer nuestra movida&nbsp;<br>tambi\u00e9n&#8221;.<\/p>\n","protected":false},"excerpt":{"rendered":"<p>El Presidente afirm\u00f3 que \u00e9so le molesta a &#8220;los pol\u00edticos tradicionales y a los periodistas&#8221;. El presidente Javier Milei defendi\u00f3 el tiempo que le dedica a las redes sociales y&hellip; <\/p>\n","protected":false},"author":4,"featured_media":133290,"comment_status":"closed","ping_status":"open","sticky":false,"template":"","format":"standard","meta":{"footnotes":""},"categories":[3],"tags":[],"class_list":["post-133289","post","type-post","status-publish","format-standard","has-post-thumbnail","hentry","category-politica"],"_links":{"self":[{"href":"https:\/\/corrientesdetarde.com\/index.php\/wp-json\/wp\/v2\/posts\/133289","targetHints":{"allow":["GET"]}}],"collection":[{"href":"https:\/\/corrientesdetarde.com\/index.php\/wp-json\/wp\/v2\/posts"}],"about":[{"href":"https:\/\/corrientesdetarde.com\/index.php\/wp-json\/wp\/v2\/types\/post"}],"author":[{"embeddable":true,"href":"https:\/\/corrientesdetarde.com\/index.php\/wp-json\/wp\/v2\/users\/4"}],"replies":[{"embeddable":true,"href":"https:\/\/corrientesdetarde.com\/index.php\/wp-json\/wp\/v2\/comments?post=133289"}],"version-history":[{"count":1,"href":"https:\/\/corrientesdetarde.com\/index.php\/wp-json\/wp\/v2\/posts\/133289\/revisions"}],"predecessor-version":[{"id":133291,"href":"https:\/\/corrientesdetarde.com\/index.php\/wp-json\/wp\/v2\/posts\/133289\/revisions\/133291"}],"wp:featuredmedia":[{"embeddable":true,"href":"https:\/\/corrientesdetarde.com\/index.php\/wp-json\/wp\/v2\/media\/133290"}],"wp:attachment":[{"href":"https:\/\/corrientesdetarde.com\/index.php\/wp-json\/wp\/v2\/media?parent=133289"}],"wp:term":[{"taxonomy":"category","embeddable":true,"href":"https:\/\/corrientesdetarde.com\/index.php\/wp-json\/wp\/v2\/categories?post=133289"},{"taxonomy":"post_tag","embeddable":true,"href":"https:\/\/corrientesdetarde.com\/index.php\/wp-json\/wp\/v2\/tags?post=133289"}],"curies":[{"name":"wp","href":"https:\/\/api.w.org\/{rel}","templated":true}]}}