{"id":133292,"date":"2024-03-17T11:03:47","date_gmt":"2024-03-17T14:03:47","guid":{"rendered":"https:\/\/corrientesdetarde.com\/?p=133292"},"modified":"2024-03-17T11:03:58","modified_gmt":"2024-03-17T14:03:58","slug":"macron-dijo-que-se-le-pedira-a-rusia-un-alto-el-fuego-durante-los-juegos-olimpicos","status":"publish","type":"post","link":"https:\/\/corrientesdetarde.com\/index.php\/internacionales\/macron-dijo-que-se-le-pedira-a-rusia-un-alto-el-fuego-durante-los-juegos-olimpicos\/","title":{"rendered":"Macron dijo que se le pedir\u00e1 a Rusia un alto el fuego durante los Juegos Ol\u00edmpicos"},"content":{"rendered":"\n<p>El mandatario franc\u00e9s afirm\u00f3 que &#8220;este es un mensaje de paz&#8221;.<\/p>\n\n\n\n<p>A Rusia se le solicitar\u00e1 que observe un&nbsp;<strong>alto al fuego<\/strong>&nbsp;en Ucrania durante los<strong>&nbsp;Juegos Ol\u00edmpicos&nbsp;<\/strong><br><strong>de Par\u00eds,&nbsp;<\/strong>que se iniciar\u00e1n el 26 de julio, anticip\u00f3 el presidente franc\u00e9s,&nbsp;<strong>Emmanuel Macron,<\/strong>&nbsp;en una entrevista dada a conocer por la televisi\u00f3n ucraniana.<\/p>\n\n\n\n<p>&#8220;La demanda de un alto el fuego durante los Juegos Ol\u00edmpicos. Ellos (los rusos) deben hacerlo. Es lo que siempre ha ocurrido&#8221;, dijo el entrevistador, hablando a trav\u00e9s de un int\u00e9rprete.<\/p>\n\n\n\n<p><strong>&#8220;Se pedir\u00e1&#8221;, respondi\u00f3 Macron en franc\u00e9s antes de que una voz en off diera su respuesta en ucraniano como &#8220;S\u00ed, lo pediremos&#8221;.<\/strong><\/p>\n\n\n\n<p>&#8220;La norma del pa\u00eds anfitri\u00f3n es moverse al ritmo del movimiento ol\u00edmpico&#8221;, cit\u00f3 el int\u00e9rprete a Macron.&nbsp;<strong>&#8220;Este es un mensaje de paz. Tambi\u00e9n seguiremos la decisi\u00f3n del Comit\u00e9 Ol\u00edmpico&nbsp;<\/strong><br><strong>Internacional&#8221;.<\/strong><\/p>\n\n\n\n<p><strong>El COI conden\u00f3 la invasi\u00f3n de Ucrania por parte de Rusia en febrero de 2022, afirmando que el gobierno ruso hab\u00eda incumplido la Tregua Ol\u00edmpica, cuyo objetivo es aprovechar el poder del deporte para promover la paz y el di\u00e1logo.<\/strong><\/p>\n\n\n\n<p>Por su parte, el presidente del Comit\u00e9 Ol\u00edmpico Ruso,&nbsp;<strong>Stanislav Pozdnyakov,<\/strong>&nbsp;afirm\u00f3 el jueves que la entidad&nbsp;<strong>no boicotear\u00eda los Juegos de Par\u00eds&nbsp;<\/strong>de este a\u00f1o, a pesar de las restricciones impuestas a los atletas por el COI como castigo por la invasi\u00f3n de Ucrania.<\/p>\n\n\n\n<p><strong>La alcaldesa de Par\u00eds, Anne Hidalgo, declar\u00f3 a Reuters en una entrevista el mi\u00e9rcoles que prefer\u00eda que rusos y bielorrusos &#8220;no vinieran&#8221;.<\/strong><\/p>\n\n\n\n<p>Inicialmente se hab\u00eda prohibido a rusos y bielorrusos competir internacionalmente a ra\u00edz de la invasi\u00f3n, para la que se ha utilizado Bielorrusia como escenario.<\/p>\n","protected":false},"excerpt":{"rendered":"<p>El mandatario franc\u00e9s afirm\u00f3 que &#8220;este es un mensaje de paz&#8221;. A Rusia se le solicitar\u00e1 que observe un&nbsp;alto al fuego&nbsp;en Ucrania durante los&nbsp;Juegos Ol\u00edmpicos&nbsp;de Par\u00eds,&nbsp;que se iniciar\u00e1n el 26&hellip; <\/p>\n","protected":false},"author":4,"featured_media":133303,"comment_status":"closed","ping_status":"open","sticky":false,"template":"","format":"standard","meta":{"footnotes":""},"categories":[11],"tags":[],"class_list":["post-133292","post","type-post","status-publish","format-standard","has-post-thumbnail","hentry","category-internacionales"],"_links":{"self":[{"href":"https:\/\/corrientesdetarde.com\/index.php\/wp-json\/wp\/v2\/posts\/133292","targetHints":{"allow":["GET"]}}],"collection":[{"href":"https:\/\/corrientesdetarde.com\/index.php\/wp-json\/wp\/v2\/posts"}],"about":[{"href":"https:\/\/corrientesdetarde.com\/index.php\/wp-json\/wp\/v2\/types\/post"}],"author":[{"embeddable":true,"href":"https:\/\/corrientesdetarde.com\/index.php\/wp-json\/wp\/v2\/users\/4"}],"replies":[{"embeddable":true,"href":"https:\/\/corrientesdetarde.com\/index.php\/wp-json\/wp\/v2\/comments?post=133292"}],"version-history":[{"count":1,"href":"https:\/\/corrientesdetarde.com\/index.php\/wp-json\/wp\/v2\/posts\/133292\/revisions"}],"predecessor-version":[{"id":133310,"href":"https:\/\/corrientesdetarde.com\/index.php\/wp-json\/wp\/v2\/posts\/133292\/revisions\/133310"}],"wp:featuredmedia":[{"embeddable":true,"href":"https:\/\/corrientesdetarde.com\/index.php\/wp-json\/wp\/v2\/media\/133303"}],"wp:attachment":[{"href":"https:\/\/corrientesdetarde.com\/index.php\/wp-json\/wp\/v2\/media?parent=133292"}],"wp:term":[{"taxonomy":"category","embeddable":true,"href":"https:\/\/corrientesdetarde.com\/index.php\/wp-json\/wp\/v2\/categories?post=133292"},{"taxonomy":"post_tag","embeddable":true,"href":"https:\/\/corrientesdetarde.com\/index.php\/wp-json\/wp\/v2\/tags?post=133292"}],"curies":[{"name":"wp","href":"https:\/\/api.w.org\/{rel}","templated":true}]}}