{"id":133299,"date":"2024-03-17T10:51:31","date_gmt":"2024-03-17T13:51:31","guid":{"rendered":"https:\/\/corrientesdetarde.com\/?p=133299"},"modified":"2024-03-17T10:51:43","modified_gmt":"2024-03-17T13:51:43","slug":"bolsonaro-no-tengo-miedo-de-ningun-juicio-siempre-y-cuando-los-jueces-sean-parciales","status":"publish","type":"post","link":"https:\/\/corrientesdetarde.com\/index.php\/internacionales\/bolsonaro-no-tengo-miedo-de-ningun-juicio-siempre-y-cuando-los-jueces-sean-parciales\/","title":{"rendered":"Bolsonaro: &#8220;No tengo miedo de ning\u00fan juicio, siempre y cuando los jueces sean parciales&#8221;"},"content":{"rendered":"\n<p>El expresidente brasile\u00f1o es apuntado en el centro de una trama en el que aparece como impulsor de un intento de golpe de estado.<\/p>\n\n\n\n<p>El expresidente Jair Bolsonaro dijo el s\u00e1bado que no teme ser juzgado, &#8220;siempre y cuando los jueces sean imparciales&#8221;, tras una semana turbulenta con la divulgaci\u00f3n de declaraciones que lo se\u00f1alaban en el centro de la trama de un supuesto intento de golpe de Estado en Brasil a finales de 2022.<\/p>\n\n\n\n<p><strong>Declaraciones de ex comandantes de la Fuerza A\u00e9rea y del Ej\u00e9rcito a la Polic\u00eda Federal que se hicieron p\u00fablicas el viernes mostraron que Bolsonaro llam\u00f3 al menos dos veces a los comandantes de las Fuerzas Armadas para avalar un intento de golpe de Estad<\/strong>o, y que mantuvo varias reuniones para discutir el tema.<\/p>\n\n\n\n<p>Durante un discurso en un acto pol\u00edtico en R\u00edo de Janeiro, el ex presidente no habl\u00f3 directamente del contenido de los testimonios, pero hizo menciones indirectas al momento actual.<\/p>\n\n\n\n<p><strong>&#8220;No tengo miedo de ning\u00fan juicio, siempre y cuando los jueces sean imparciales&#8221;, sostuvo Bolsonaro,<\/strong>&nbsp;quien destac\u00f3 que desde que dej\u00f3 la presidencia ha sido perseguido por el actual gobierno.<\/p>\n\n\n\n<p><strong>Bolsonaro fue declarado inelegible por el Tribunal Superior Electoral (TSE) a mediados de 2023, pero el s\u00e1bado reiter\u00f3 que mantiene la &#8220;esperanza de continuar en pol\u00edtica<\/strong>&#8221; porque, argument\u00f3, corresponde al pueblo decidir qui\u00e9n sigue o abandona ese \u00e1mbito.<\/p>\n","protected":false},"excerpt":{"rendered":"<p>El expresidente brasile\u00f1o es apuntado en el centro de una trama en el que aparece como impulsor de un intento de golpe de estado. El expresidente Jair Bolsonaro dijo el&hellip; <\/p>\n","protected":false},"author":4,"featured_media":133300,"comment_status":"closed","ping_status":"open","sticky":false,"template":"","format":"standard","meta":{"footnotes":""},"categories":[11],"tags":[],"class_list":["post-133299","post","type-post","status-publish","format-standard","has-post-thumbnail","hentry","category-internacionales"],"_links":{"self":[{"href":"https:\/\/corrientesdetarde.com\/index.php\/wp-json\/wp\/v2\/posts\/133299","targetHints":{"allow":["GET"]}}],"collection":[{"href":"https:\/\/corrientesdetarde.com\/index.php\/wp-json\/wp\/v2\/posts"}],"about":[{"href":"https:\/\/corrientesdetarde.com\/index.php\/wp-json\/wp\/v2\/types\/post"}],"author":[{"embeddable":true,"href":"https:\/\/corrientesdetarde.com\/index.php\/wp-json\/wp\/v2\/users\/4"}],"replies":[{"embeddable":true,"href":"https:\/\/corrientesdetarde.com\/index.php\/wp-json\/wp\/v2\/comments?post=133299"}],"version-history":[{"count":1,"href":"https:\/\/corrientesdetarde.com\/index.php\/wp-json\/wp\/v2\/posts\/133299\/revisions"}],"predecessor-version":[{"id":133301,"href":"https:\/\/corrientesdetarde.com\/index.php\/wp-json\/wp\/v2\/posts\/133299\/revisions\/133301"}],"wp:featuredmedia":[{"embeddable":true,"href":"https:\/\/corrientesdetarde.com\/index.php\/wp-json\/wp\/v2\/media\/133300"}],"wp:attachment":[{"href":"https:\/\/corrientesdetarde.com\/index.php\/wp-json\/wp\/v2\/media?parent=133299"}],"wp:term":[{"taxonomy":"category","embeddable":true,"href":"https:\/\/corrientesdetarde.com\/index.php\/wp-json\/wp\/v2\/categories?post=133299"},{"taxonomy":"post_tag","embeddable":true,"href":"https:\/\/corrientesdetarde.com\/index.php\/wp-json\/wp\/v2\/tags?post=133299"}],"curies":[{"name":"wp","href":"https:\/\/api.w.org\/{rel}","templated":true}]}}