{"id":133302,"date":"2024-03-17T11:03:51","date_gmt":"2024-03-17T14:03:51","guid":{"rendered":"https:\/\/corrientesdetarde.com\/?p=133302"},"modified":"2024-03-17T11:59:54","modified_gmt":"2024-03-17T14:59:54","slug":"postulan-a-maduro-en-venezuela-para-una-nueva-reeleccion","status":"publish","type":"post","link":"https:\/\/corrientesdetarde.com\/index.php\/internacionales\/postulan-a-maduro-en-venezuela-para-una-nueva-reeleccion\/","title":{"rendered":"Postulan a Maduro en Venezuela para una nueva reelecci\u00f3n"},"content":{"rendered":"\n<p>La decisi\u00f3n fue tomada por el gobernante PSUV durante una reuni\u00f3n en Caracas. A los 61 a\u00f1os, buscar\u00e1 su tercer mandato de seis a\u00f1os.<\/p>\n\n\n\n<p><strong>El presidente de Venezuela, Nicol\u00e1s Maduro, fue proclamado el s\u00e1bado por el oficialista Partido Socialista Unido de Venezuela (PSUV) como candidato a las elecciones del 28 de julio<\/strong>, cuando el mandatario busca una segunda reelecci\u00f3n por seis a\u00f1os m\u00e1s.<\/p>\n\n\n\n<p><strong>Maduro, un exdirigente sindical de 61 a\u00f1os, fue proclamado por unanimidad<\/strong>&nbsp;de los delegados del PSUV en una reuni\u00f3n del partido en Caracas.<\/p>\n\n\n\n<p>&#8220;Nicol\u00e1s s\u00ed va y vamos unidos&#8221;, dijo el vicepresidente del PSUV, Diosdado Cabello, en la asamblea del partido. &#8220;S\u00e9 que en sus manos no se perder\u00e1 la patria&#8221;, a\u00f1adi\u00f3, al entregarle un estandarte del partido a Maduro consolid\u00e1ndolo como su candidato presidencial.<\/p>\n\n\n\n<p>Los m\u00e1s recientes sondeos indican que Maduro tiene una intenci\u00f3n de voto de 13,9% frente al 54,5% de la opositora Mar\u00eda Corina Machado, una ingeniera industrial de 56 a\u00f1os, que gan\u00f3 las elecciones primarias de la oposici\u00f3n en octubre, pero en enero el Tribunal Supremo de Justicia le ratific\u00f3 una medida de inhabilitaci\u00f3n que le impide postularse a un cargo p\u00fablico.<\/p>\n\n\n\n<p><strong>Maduro recientemente dio un giro abrupto en sus incipientes acercamientos a Estados Unidos y a opositores, lo que analistas y fuentes atribuyen a la disminuci\u00f3n del respaldo de su base tradicional de electores.<\/strong>&nbsp;Su popularidad ronda el 20%.<\/p>\n\n\n\n<p>Bajo la gesti\u00f3n de Maduro, el pa\u00eds sufri\u00f3 una hiperinflaci\u00f3n y un colapso econ\u00f3mico sin precedentes, que llev\u00f3 a la migraci\u00f3n de m\u00e1s de siete millones de venezolanos.<\/p>\n\n\n\n<p>Durante su mandato tambi\u00e9n se registraron oleadas de protestas callejeras en su contra que dejaron decenas de v\u00edctimas y detenidos. Las actuaciones en las protestas, en parte. llevaron a la imposici\u00f3n de sanciones de Estados Unidos en las \u00e1reas de petr\u00f3leo y finanzas, as\u00ed como a numerosos funcionarios.<\/p>\n","protected":false},"excerpt":{"rendered":"<p>La decisi\u00f3n fue tomada por el gobernante PSUV durante una reuni\u00f3n en Caracas. A los 61 a\u00f1os, buscar\u00e1 su tercer mandato de seis a\u00f1os. El presidente de Venezuela, Nicol\u00e1s Maduro,&hellip; <\/p>\n","protected":false},"author":4,"featured_media":133327,"comment_status":"closed","ping_status":"open","sticky":false,"template":"","format":"standard","meta":{"footnotes":""},"categories":[11],"tags":[],"class_list":["post-133302","post","type-post","status-publish","format-standard","has-post-thumbnail","hentry","category-internacionales"],"_links":{"self":[{"href":"https:\/\/corrientesdetarde.com\/index.php\/wp-json\/wp\/v2\/posts\/133302","targetHints":{"allow":["GET"]}}],"collection":[{"href":"https:\/\/corrientesdetarde.com\/index.php\/wp-json\/wp\/v2\/posts"}],"about":[{"href":"https:\/\/corrientesdetarde.com\/index.php\/wp-json\/wp\/v2\/types\/post"}],"author":[{"embeddable":true,"href":"https:\/\/corrientesdetarde.com\/index.php\/wp-json\/wp\/v2\/users\/4"}],"replies":[{"embeddable":true,"href":"https:\/\/corrientesdetarde.com\/index.php\/wp-json\/wp\/v2\/comments?post=133302"}],"version-history":[{"count":1,"href":"https:\/\/corrientesdetarde.com\/index.php\/wp-json\/wp\/v2\/posts\/133302\/revisions"}],"predecessor-version":[{"id":133308,"href":"https:\/\/corrientesdetarde.com\/index.php\/wp-json\/wp\/v2\/posts\/133302\/revisions\/133308"}],"wp:featuredmedia":[{"embeddable":true,"href":"https:\/\/corrientesdetarde.com\/index.php\/wp-json\/wp\/v2\/media\/133327"}],"wp:attachment":[{"href":"https:\/\/corrientesdetarde.com\/index.php\/wp-json\/wp\/v2\/media?parent=133302"}],"wp:term":[{"taxonomy":"category","embeddable":true,"href":"https:\/\/corrientesdetarde.com\/index.php\/wp-json\/wp\/v2\/categories?post=133302"},{"taxonomy":"post_tag","embeddable":true,"href":"https:\/\/corrientesdetarde.com\/index.php\/wp-json\/wp\/v2\/tags?post=133302"}],"curies":[{"name":"wp","href":"https:\/\/api.w.org\/{rel}","templated":true}]}}