{"id":133304,"date":"2024-03-17T11:01:47","date_gmt":"2024-03-17T14:01:47","guid":{"rendered":"https:\/\/corrientesdetarde.com\/?p=133304"},"modified":"2024-03-17T11:01:59","modified_gmt":"2024-03-17T14:01:59","slug":"locura-por-la-milanesa-por-150-la-promocion-termina-en-caos-y-con-un-herido-de-arma-blanca","status":"publish","type":"post","link":"https:\/\/corrientesdetarde.com\/index.php\/actualidad\/locura-por-la-milanesa-por-150-la-promocion-termina-en-caos-y-con-un-herido-de-arma-blanca\/","title":{"rendered":"\u00a1Locura por la milanesa por $1,50! La promoci\u00f3n termina en caos y con un herido de arma blanca"},"content":{"rendered":"\n<p>La oferta por la &#8220;semana de la milanesa&#8221; en Tucum\u00e1n arranc\u00f3 con caos. Un restaurante ofreci\u00f3 s\u00e1ndwiches a precio irrisorio, desatando una pelea por un lugar en la fila que termin\u00f3 con un joven apu\u00f1alado. La promoci\u00f3n se suspendi\u00f3 por completo.<\/p>\n\n\n\n<p>La &#8220;semana de la milanesa&#8221; en San Miguel de Tucum\u00e1n comenz\u00f3 con un evento que promet\u00eda ser memorable: un restaurante local ofreci\u00f3 s\u00e1ndwiches de milanesa a un precio irrisorio, $1,50. La promoci\u00f3n atrajo a una multitud de personas, pero la euforia inicial se torn\u00f3 en caos y violencia.<\/p>\n\n\n\n<p><strong>Filas interminables y discusiones<\/strong><\/p>\n\n\n\n<p>La fila para acceder a la promoci\u00f3n comenz\u00f3 a formarse desde la madrugada. A medida que avanzaba la ma\u00f1ana, la tensi\u00f3n crec\u00eda: las discusiones por los lugares eran cada vez m\u00e1s acaloradas.<\/p>\n\n\n\n<figure class=\"wp-block-image size-full is-resized\"><img loading=\"lazy\" decoding=\"async\" width=\"703\" height=\"425\" src=\"https:\/\/corrientesdetarde.com\/wp-content\/uploads\/2024\/03\/image-424.png\" alt=\"\" class=\"wp-image-133305\" style=\"width:840px;height:auto\" srcset=\"https:\/\/corrientesdetarde.com\/wp-content\/uploads\/2024\/03\/image-424.png 703w, https:\/\/corrientesdetarde.com\/wp-content\/uploads\/2024\/03\/image-424-300x181.png 300w\" sizes=\"auto, (max-width: 703px) 100vw, 703px\" \/><\/figure>\n\n\n\n<p>En la semana de la milanesa ayer Ope&#8217;s tenia la promoci\u00f3n de un s\u00e1ndwich de milanesa a 1,50.. genteeee que locura ah en fin la gente que esta desde temprano desde las 14 haciendo fila se quejaba, se armo un quilombo porque TODO EL MUNDO empez\u00f3 a colarse, se armo un bardo y ellos dec\u00edan que iban a respetar la fila original pero ni ellos saben cual era la fila original, hay gente, familias, personas mayores que tuvieron que salir de la fila por el quilombo que se armo as\u00ed que bueno, si fue una mala organizaci\u00f3n por parte de todos #sanmigueldetucuman #tucuman #mirinda #larutadelamilanga #milanesa #sandwich #quilombo #fila #colados #reclamos<\/p>\n\n\n\n<p><strong>Violencia y un herido<\/strong><\/p>\n\n\n\n<p>La situaci\u00f3n se descontrol\u00f3 cuando un joven de 20 a\u00f1os fue apu\u00f1alado por otro hombre que intentaba obtener su lugar en la fila. El agresor le quit\u00f3 el n\u00famero de fila y lo apu\u00f1al\u00f3 en el abdomen. La v\u00edctima fue trasladada al hospital, donde se encuentra fuera de peligro.<\/p>\n\n\n\n<p><strong>Repudio y suspensi\u00f3n<\/strong><\/p>\n\n\n\n<p>El hecho gener\u00f3 un fuerte repudio en la comunidad. El restaurante se vio obligado a suspender la promoci\u00f3n y a ofrecer disculpas p\u00fablicas. La &#8220;semana de la milanesa&#8221; que comenz\u00f3 con un festejo popular, termin\u00f3 empa\u00f1ada por la violencia.<\/p>\n","protected":false},"excerpt":{"rendered":"<p>La oferta por la &#8220;semana de la milanesa&#8221; en Tucum\u00e1n arranc\u00f3 con caos. Un restaurante ofreci\u00f3 s\u00e1ndwiches a precio irrisorio, desatando una pelea por un lugar en la fila que&hellip; <\/p>\n","protected":false},"author":4,"featured_media":133306,"comment_status":"closed","ping_status":"open","sticky":false,"template":"","format":"standard","meta":{"footnotes":""},"categories":[23],"tags":[],"class_list":["post-133304","post","type-post","status-publish","format-standard","has-post-thumbnail","hentry","category-actualidad"],"_links":{"self":[{"href":"https:\/\/corrientesdetarde.com\/index.php\/wp-json\/wp\/v2\/posts\/133304","targetHints":{"allow":["GET"]}}],"collection":[{"href":"https:\/\/corrientesdetarde.com\/index.php\/wp-json\/wp\/v2\/posts"}],"about":[{"href":"https:\/\/corrientesdetarde.com\/index.php\/wp-json\/wp\/v2\/types\/post"}],"author":[{"embeddable":true,"href":"https:\/\/corrientesdetarde.com\/index.php\/wp-json\/wp\/v2\/users\/4"}],"replies":[{"embeddable":true,"href":"https:\/\/corrientesdetarde.com\/index.php\/wp-json\/wp\/v2\/comments?post=133304"}],"version-history":[{"count":1,"href":"https:\/\/corrientesdetarde.com\/index.php\/wp-json\/wp\/v2\/posts\/133304\/revisions"}],"predecessor-version":[{"id":133307,"href":"https:\/\/corrientesdetarde.com\/index.php\/wp-json\/wp\/v2\/posts\/133304\/revisions\/133307"}],"wp:featuredmedia":[{"embeddable":true,"href":"https:\/\/corrientesdetarde.com\/index.php\/wp-json\/wp\/v2\/media\/133306"}],"wp:attachment":[{"href":"https:\/\/corrientesdetarde.com\/index.php\/wp-json\/wp\/v2\/media?parent=133304"}],"wp:term":[{"taxonomy":"category","embeddable":true,"href":"https:\/\/corrientesdetarde.com\/index.php\/wp-json\/wp\/v2\/categories?post=133304"},{"taxonomy":"post_tag","embeddable":true,"href":"https:\/\/corrientesdetarde.com\/index.php\/wp-json\/wp\/v2\/tags?post=133304"}],"curies":[{"name":"wp","href":"https:\/\/api.w.org\/{rel}","templated":true}]}}