{"id":133313,"date":"2024-03-17T11:39:47","date_gmt":"2024-03-17T14:39:47","guid":{"rendered":"https:\/\/corrientesdetarde.com\/?p=133313"},"modified":"2024-03-17T11:39:53","modified_gmt":"2024-03-17T14:39:53","slug":"el-gobierno-provincial-brinda-apoyo-a-familias-de-pueblo-libertador-afectadas-por-intensas-lluvias","status":"publish","type":"post","link":"https:\/\/corrientesdetarde.com\/index.php\/actualidad\/el-gobierno-provincial-brinda-apoyo-a-familias-de-pueblo-libertador-afectadas-por-intensas-lluvias\/","title":{"rendered":"El Gobierno provincial brinda apoyo a familias de Pueblo Libertador afectadas por intensas lluvias"},"content":{"rendered":"\n<p>El Ministerio de Desarrollo Social, a cargo &nbsp;de Ad\u00e1n Gaya, tom\u00f3 conocimiento de la emergencia de Pueblo Libertador y activ\u00f3 la gesti\u00f3n de recursos para asistir a las familias afectadas.<\/p>\n\n\n\n<p>A trav\u00e9s de la Direcci\u00f3n de Planificaci\u00f3n e Identificaci\u00f3n de Necesidades Cr\u00edticas bajo la Direcci\u00f3n de Romina Bravo, en colaboraci\u00f3n con el Municipio, se coordinaron esfuerzos para brindar apoyo inmediato.<\/p>\n\n\n\n<p>En la noche del 15 de marzo, Pueblo Libertador fue azotado por una intensa lluvia que desencaden\u00f3 inundaciones tanto en el municipio como en la ruta provincial 126.<\/p>\n\n\n\n<p>Seg\u00fan lo reportado por fuentes locales a los medios, varios parajes se vieron afectados por la acumulaci\u00f3n de aproximadamente 270 mm de agua.<\/p>\n\n\n\n<p>Ante esta cr\u00edtica situaci\u00f3n, el Ministerio activ\u00f3 la gesti\u00f3n de recursos para asistir a las familias afectadas.<\/p>\n\n\n\n<figure class=\"wp-block-image size-large\"><img loading=\"lazy\" decoding=\"async\" width=\"1024\" height=\"454\" src=\"https:\/\/corrientesdetarde.com\/wp-content\/uploads\/2024\/03\/image-425-1024x454.png\" alt=\"\" class=\"wp-image-133315\" srcset=\"https:\/\/corrientesdetarde.com\/wp-content\/uploads\/2024\/03\/image-425-1024x454.png 1024w, https:\/\/corrientesdetarde.com\/wp-content\/uploads\/2024\/03\/image-425-300x133.png 300w, https:\/\/corrientesdetarde.com\/wp-content\/uploads\/2024\/03\/image-425-768x340.png 768w, https:\/\/corrientesdetarde.com\/wp-content\/uploads\/2024\/03\/image-425-1536x681.png 1536w, https:\/\/corrientesdetarde.com\/wp-content\/uploads\/2024\/03\/image-425.png 1593w\" sizes=\"auto, (max-width: 1024px) 100vw, 1024px\" \/><\/figure>\n","protected":false},"excerpt":{"rendered":"<p>El Ministerio de Desarrollo Social, a cargo &nbsp;de Ad\u00e1n Gaya, tom\u00f3 conocimiento de la emergencia de Pueblo Libertador y activ\u00f3 la gesti\u00f3n de recursos para asistir a las familias afectadas.&hellip; <\/p>\n","protected":false},"author":4,"featured_media":133314,"comment_status":"closed","ping_status":"open","sticky":false,"template":"","format":"standard","meta":{"footnotes":""},"categories":[23],"tags":[],"class_list":["post-133313","post","type-post","status-publish","format-standard","has-post-thumbnail","hentry","category-actualidad"],"_links":{"self":[{"href":"https:\/\/corrientesdetarde.com\/index.php\/wp-json\/wp\/v2\/posts\/133313","targetHints":{"allow":["GET"]}}],"collection":[{"href":"https:\/\/corrientesdetarde.com\/index.php\/wp-json\/wp\/v2\/posts"}],"about":[{"href":"https:\/\/corrientesdetarde.com\/index.php\/wp-json\/wp\/v2\/types\/post"}],"author":[{"embeddable":true,"href":"https:\/\/corrientesdetarde.com\/index.php\/wp-json\/wp\/v2\/users\/4"}],"replies":[{"embeddable":true,"href":"https:\/\/corrientesdetarde.com\/index.php\/wp-json\/wp\/v2\/comments?post=133313"}],"version-history":[{"count":1,"href":"https:\/\/corrientesdetarde.com\/index.php\/wp-json\/wp\/v2\/posts\/133313\/revisions"}],"predecessor-version":[{"id":133316,"href":"https:\/\/corrientesdetarde.com\/index.php\/wp-json\/wp\/v2\/posts\/133313\/revisions\/133316"}],"wp:featuredmedia":[{"embeddable":true,"href":"https:\/\/corrientesdetarde.com\/index.php\/wp-json\/wp\/v2\/media\/133314"}],"wp:attachment":[{"href":"https:\/\/corrientesdetarde.com\/index.php\/wp-json\/wp\/v2\/media?parent=133313"}],"wp:term":[{"taxonomy":"category","embeddable":true,"href":"https:\/\/corrientesdetarde.com\/index.php\/wp-json\/wp\/v2\/categories?post=133313"},{"taxonomy":"post_tag","embeddable":true,"href":"https:\/\/corrientesdetarde.com\/index.php\/wp-json\/wp\/v2\/tags?post=133313"}],"curies":[{"name":"wp","href":"https:\/\/api.w.org\/{rel}","templated":true}]}}