{"id":133326,"date":"2024-03-17T12:04:06","date_gmt":"2024-03-17T15:04:06","guid":{"rendered":"https:\/\/corrientesdetarde.com\/?p=133326"},"modified":"2024-03-17T12:04:43","modified_gmt":"2024-03-17T15:04:43","slug":"domingo-17-de-marzo-lluvias-y-de-alerta-meteorologico-en-corrientes-se-espera-que-continue-el-mal-tiempo","status":"publish","type":"post","link":"https:\/\/corrientesdetarde.com\/index.php\/clima\/domingo-17-de-marzo-lluvias-y-de-alerta-meteorologico-en-corrientes-se-espera-que-continue-el-mal-tiempo\/","title":{"rendered":"Domingo 17 DE MARZO: lluvias y alerta meteorol\u00f3gico en Corrientes, se espera que contin\u00fae el mal tiempo"},"content":{"rendered":"\n<p>El Servicio Meteorol\u00f3gico Nacional emiti\u00f3 un alerta por tormentas en la regi\u00f3n. El lunes podr\u00eda continuar de la misma forma.<\/p>\n\n\n\n<p>Este domingo se registraron intensas lluvias sobre la ciudad de Corrientes. El tiempo se sostiene as\u00ed desde la tarde del s\u00e1bado pero se intensific\u00f3.<\/p>\n\n\n\n<p>Es por ello que el Servicio Meteorol\u00f3gico Nacional emiti\u00f3 un alerta por la situaci\u00f3n. Avizoran la continuidad del fen\u00f3meno que por momentos alcanza alta intensidad.<\/p>\n\n\n\n<p>Gracias a las precipitaciones se registr\u00f3 un descenso de las temperaturas bajando de los m\u00e1s de 30 grados hasta los 23. Sin embargo se espera que vuelvan a subir.<\/p>\n\n\n\n<p>La lluvia se mantendr\u00eda durante este lunes y podr\u00edan registrarse otros episodios durante la semana.<\/p>\n","protected":false},"excerpt":{"rendered":"<p>El Servicio Meteorol\u00f3gico Nacional emiti\u00f3 un alerta por tormentas en la regi\u00f3n. El lunes podr\u00eda continuar de la misma forma. Este domingo se registraron intensas lluvias sobre la ciudad de&hellip; <\/p>\n","protected":false},"author":4,"featured_media":133328,"comment_status":"closed","ping_status":"open","sticky":false,"template":"","format":"standard","meta":{"footnotes":""},"categories":[29],"tags":[],"class_list":["post-133326","post","type-post","status-publish","format-standard","has-post-thumbnail","hentry","category-clima"],"_links":{"self":[{"href":"https:\/\/corrientesdetarde.com\/index.php\/wp-json\/wp\/v2\/posts\/133326","targetHints":{"allow":["GET"]}}],"collection":[{"href":"https:\/\/corrientesdetarde.com\/index.php\/wp-json\/wp\/v2\/posts"}],"about":[{"href":"https:\/\/corrientesdetarde.com\/index.php\/wp-json\/wp\/v2\/types\/post"}],"author":[{"embeddable":true,"href":"https:\/\/corrientesdetarde.com\/index.php\/wp-json\/wp\/v2\/users\/4"}],"replies":[{"embeddable":true,"href":"https:\/\/corrientesdetarde.com\/index.php\/wp-json\/wp\/v2\/comments?post=133326"}],"version-history":[{"count":2,"href":"https:\/\/corrientesdetarde.com\/index.php\/wp-json\/wp\/v2\/posts\/133326\/revisions"}],"predecessor-version":[{"id":133331,"href":"https:\/\/corrientesdetarde.com\/index.php\/wp-json\/wp\/v2\/posts\/133326\/revisions\/133331"}],"wp:featuredmedia":[{"embeddable":true,"href":"https:\/\/corrientesdetarde.com\/index.php\/wp-json\/wp\/v2\/media\/133328"}],"wp:attachment":[{"href":"https:\/\/corrientesdetarde.com\/index.php\/wp-json\/wp\/v2\/media?parent=133326"}],"wp:term":[{"taxonomy":"category","embeddable":true,"href":"https:\/\/corrientesdetarde.com\/index.php\/wp-json\/wp\/v2\/categories?post=133326"},{"taxonomy":"post_tag","embeddable":true,"href":"https:\/\/corrientesdetarde.com\/index.php\/wp-json\/wp\/v2\/tags?post=133326"}],"curies":[{"name":"wp","href":"https:\/\/api.w.org\/{rel}","templated":true}]}}