{"id":133333,"date":"2024-03-17T12:14:47","date_gmt":"2024-03-17T15:14:47","guid":{"rendered":"https:\/\/corrientesdetarde.com\/?p=133333"},"modified":"2024-03-17T12:14:59","modified_gmt":"2024-03-17T15:14:59","slug":"confirmado-messi-no-jugara-los-amistosos-con-la-seleccion-argentina","status":"publish","type":"post","link":"https:\/\/corrientesdetarde.com\/index.php\/deportes\/confirmado-messi-no-jugara-los-amistosos-con-la-seleccion-argentina\/","title":{"rendered":"Confirmado: Messi no jugar\u00e1 los amistosos con la Selecci\u00f3n argentina"},"content":{"rendered":"\n<p>La MLS emiti\u00f3 el listado de los jugadores afectados a sus respectivos seleccionados y no aparece el astro argentino.<\/p>\n\n\n\n<p>Este s\u00e1bado, se confirm\u00f3 qu<strong>e Lionel Messi no llegar\u00e1 a recuperarse a tiempo para poder decir presente en la Selecci\u00f3n argentina para los dos encuentros amistosos&nbsp;<\/strong>de la fecha FIFA de Marzo.&nbsp;<\/p>\n\n\n\n<p>La lesi\u00f3n que&nbsp;<strong>sufri\u00f3 jugando para Inter Miami en el isquiotibial de la pierna derecha<\/strong>&nbsp;no le permitir\u00e1 participar de los juegos ante El Salvador y Costa Rica del 22 y 26 de marzo.<\/p>\n\n\n\n<p>A\u00fan se espera el comunicado de la AFA, pero el campe\u00f3n del mundo no jugar\u00e1,&nbsp;<strong>aunque no est\u00e1 confirmado si acompa\u00f1ar\u00e1 o no a sus compa\u00f1eros de la Selecci\u00f3n<\/strong>&nbsp;por la gira por Estados Unidos.<\/p>\n\n\n\n<p>El parte m\u00e9dico oficial que dio Inter Miami precis\u00f3 que la lesi\u00f3n de Messi &#8220;ser\u00e1 determinada en base a evaluaciones m\u00e9dicas diarias y el desarrollo de su recuperaci\u00f3n en los pr\u00f3ximos d\u00edas&#8221;.<\/p>\n\n\n\n<figure class=\"wp-block-image size-full\"><img loading=\"lazy\" decoding=\"async\" width=\"698\" height=\"421\" src=\"https:\/\/corrientesdetarde.com\/wp-content\/uploads\/2024\/03\/image-426.png\" alt=\"\" class=\"wp-image-133334\" srcset=\"https:\/\/corrientesdetarde.com\/wp-content\/uploads\/2024\/03\/image-426.png 698w, https:\/\/corrientesdetarde.com\/wp-content\/uploads\/2024\/03\/image-426-300x181.png 300w\" sizes=\"auto, (max-width: 698px) 100vw, 698px\" \/><\/figure>\n\n\n\n<p>Pero su ausencia\u00a0<strong>qued\u00f3 confirmada por el listado que brinda la MLS sobre los jugadores que quedar\u00e1n afectados<\/strong>\u00a0a sus respectivos seleccionados para la fecha FIFA<strong>\u00a0y no aparece el astro argentino.<\/strong><\/p>\n","protected":false},"excerpt":{"rendered":"<p>La MLS emiti\u00f3 el listado de los jugadores afectados a sus respectivos seleccionados y no aparece el astro argentino. Este s\u00e1bado, se confirm\u00f3 que Lionel Messi no llegar\u00e1 a recuperarse&hellip; <\/p>\n","protected":false},"author":4,"featured_media":133335,"comment_status":"closed","ping_status":"open","sticky":false,"template":"","format":"standard","meta":{"footnotes":""},"categories":[4],"tags":[],"class_list":["post-133333","post","type-post","status-publish","format-standard","has-post-thumbnail","hentry","category-deportes"],"_links":{"self":[{"href":"https:\/\/corrientesdetarde.com\/index.php\/wp-json\/wp\/v2\/posts\/133333","targetHints":{"allow":["GET"]}}],"collection":[{"href":"https:\/\/corrientesdetarde.com\/index.php\/wp-json\/wp\/v2\/posts"}],"about":[{"href":"https:\/\/corrientesdetarde.com\/index.php\/wp-json\/wp\/v2\/types\/post"}],"author":[{"embeddable":true,"href":"https:\/\/corrientesdetarde.com\/index.php\/wp-json\/wp\/v2\/users\/4"}],"replies":[{"embeddable":true,"href":"https:\/\/corrientesdetarde.com\/index.php\/wp-json\/wp\/v2\/comments?post=133333"}],"version-history":[{"count":1,"href":"https:\/\/corrientesdetarde.com\/index.php\/wp-json\/wp\/v2\/posts\/133333\/revisions"}],"predecessor-version":[{"id":133336,"href":"https:\/\/corrientesdetarde.com\/index.php\/wp-json\/wp\/v2\/posts\/133333\/revisions\/133336"}],"wp:featuredmedia":[{"embeddable":true,"href":"https:\/\/corrientesdetarde.com\/index.php\/wp-json\/wp\/v2\/media\/133335"}],"wp:attachment":[{"href":"https:\/\/corrientesdetarde.com\/index.php\/wp-json\/wp\/v2\/media?parent=133333"}],"wp:term":[{"taxonomy":"category","embeddable":true,"href":"https:\/\/corrientesdetarde.com\/index.php\/wp-json\/wp\/v2\/categories?post=133333"},{"taxonomy":"post_tag","embeddable":true,"href":"https:\/\/corrientesdetarde.com\/index.php\/wp-json\/wp\/v2\/tags?post=133333"}],"curies":[{"name":"wp","href":"https:\/\/api.w.org\/{rel}","templated":true}]}}