{"id":133347,"date":"2024-03-17T18:34:14","date_gmt":"2024-03-17T21:34:14","guid":{"rendered":"https:\/\/corrientesdetarde.com\/?p=133347"},"modified":"2024-03-17T18:34:25","modified_gmt":"2024-03-17T21:34:25","slug":"un-conductor-alcoholizado-atropello-a-10-jovenes-que-salian-de-un-boliche","status":"publish","type":"post","link":"https:\/\/corrientesdetarde.com\/index.php\/policiales\/un-conductor-alcoholizado-atropello-a-10-jovenes-que-salian-de-un-boliche\/","title":{"rendered":"Un conductor alcoholizado atropell\u00f3 a 10 j\u00f3venes que sal\u00edan de un boliche."},"content":{"rendered":"\n<h2 class=\"wp-block-heading\">El test arroj\u00f3 que el joven de 21 a\u00f1os ten\u00eda 1,02 gramos de alcohol en sangre. Tanto \u00e9l como su acompa\u00f1ante quedaron detenidos. \u201cUn hombre sali\u00f3 volando y qued\u00f3 debajo de un cami\u00f3n\u201d, dijo uno de los testigos.<\/h2>\n\n\n\n<p>Un conductor manejaba alcoholizado y embisti\u00f3 a 10 j\u00f3venes que sal\u00edan de un boliche, de los cuales<strong>&nbsp;tres murieron y otros dos est\u00e1n internados en grave estado.&nbsp;<\/strong>Ocurri\u00f3 alrededor de las 5.20 de este domingo en la ciudad de Salta en medio de una intensa lluvia. Hay dos detenidos.<\/p>\n\n\n\n<p>El dram\u00e1tico episodio sucedi\u00f3 sobre avenida Paraguay, a metros del denominado puente Coca Cola. Por causas que todav\u00eda se est\u00e1n investigando, el joven perdi\u00f3 el control del Renault Fluence y atropell\u00f3 al grupo de chicos que estaban caminando por la banquina de la ruta. Luego del impacto,\u00a0<strong>intent\u00f3 cambiar de carril y choc\u00f3 contra una palmera.<\/strong><\/p>\n\n\n\n<p>\u201cFue tremendo. Un horror. Varias chicas quedaron tendidas en el suelo, junto con<strong>&nbsp;un hombre que sali\u00f3 volando hacia la colectora de la Coca Cola y qued\u00f3 debajo de un cami\u00f3n<\/strong>\u201d, cont\u00f3 uno de los testigos en di\u00e1logo con&nbsp;<em>Qu\u00e9 Pasa Salta<\/em>.<\/p>\n\n\n\n<figure class=\"wp-block-image\"><img decoding=\"async\" src=\"https:\/\/tn.com.ar\/resizer\/wljHAV1o5Gt4UNalDuTO_I1D9Pg=\/767x0\/smart\/filters:format(webp)\/cloudfront-us-east-1.images.arcpublishing.com\/artear\/7ZRYBHMD7ZAQFACQAM3N27Q73Q.jpg\" alt=\"As\u00ed qued\u00f3 el auto Renault Fluence luego del hecho. (Foto: El Tribuno)\"\/><figcaption class=\"wp-element-caption\">As\u00ed qued\u00f3 el auto Renault Fluence luego del hecho. (Foto: El Tribuno)<\/figcaption><\/figure>\n\n\n\n<p>Las dos personas que estaban en el veh\u00edculo involucrado fueron retenidas por los propios transe\u00fantes, ya que abandonaron el auto chocado y&nbsp;<strong>pretend\u00edan escapar del lugar.<\/strong>&nbsp;Despu\u00e9s lleg\u00f3 la polic\u00eda y logr\u00f3 detenerlos.<\/p>\n\n\n\n<p>En las \u00faltimas horas, se supo que el conductor de 21 a\u00f1os ven\u00eda manejando en estado de ebriedad:\u00a0<strong>el test arroj\u00f3 1,02 gramos de alcohol en sangre.\u00a0<\/strong>Adem\u00e1s, algunos testigos se\u00f1alaron que ven\u00eda a alta velocidad.<\/p>\n\n\n\n<p>De acuerdo a lo que informaron medios locales, dos de las tres v\u00edctimas -un hombre y una mujer-<strong>&nbsp;fallecieron en el acto,&nbsp;<\/strong>mientras que la tercera perdi\u00f3 la vida en la sala de guardia del hospital San Bernardo, donde hab\u00eda ingresado en grave estado.<\/p>\n\n\n\n<p>Por su parte, los otros siete j\u00f3venes terminaron con heridas de consideraci\u00f3n,<strong>\u00a0dos de las cuales se encuentran graves en sala de terapia intensiva.<\/strong>\u00a0Ambas ser\u00edan mujeres, seg\u00fan inform\u00f3\u00a0<em>Agenda Salta<\/em>.<\/p>\n\n\n\n<p>En el lugar trabaj\u00f3 personal policial y de Criminal\u00edstica, quienes&nbsp;<strong>mantuvieron cortado el tr\u00e1fico por varias horas.&nbsp;<\/strong>Gabriel Gonz\u00e1lez, de la fiscal\u00eda penal 2 de la Unidad de Graves Atentados contra las Personas en turno, es el encargado de llevar adelante la investigaci\u00f3n.<\/p>\n\n\n\n<p>Las autoridades ya pidieron el relevamiento de las c\u00e1maras de seguridad que est\u00e1n en la avenida y\u00a0<strong>espera para que declaren los involucrados.\u00a0<\/strong>Adem\u00e1s, dispuso que los cuerpos de las v\u00edctimas sean trasladados al Servicio de Tanatolog\u00eda Forense del CIF, donde se les realizar\u00e1 la autopsia correspondiente.<\/p>\n\n\n\n<p><em>Fuente: Todo Noticias.<\/em><\/p>\n","protected":false},"excerpt":{"rendered":"<p>El test arroj\u00f3 que el joven de 21 a\u00f1os ten\u00eda 1,02 gramos de alcohol en sangre. Tanto \u00e9l como su acompa\u00f1ante quedaron detenidos. \u201cUn hombre sali\u00f3 volando y qued\u00f3 debajo&hellip; <\/p>\n","protected":false},"author":6,"featured_media":133348,"comment_status":"closed","ping_status":"open","sticky":false,"template":"","format":"standard","meta":{"footnotes":""},"categories":[33],"tags":[],"class_list":["post-133347","post","type-post","status-publish","format-standard","has-post-thumbnail","hentry","category-policiales"],"_links":{"self":[{"href":"https:\/\/corrientesdetarde.com\/index.php\/wp-json\/wp\/v2\/posts\/133347","targetHints":{"allow":["GET"]}}],"collection":[{"href":"https:\/\/corrientesdetarde.com\/index.php\/wp-json\/wp\/v2\/posts"}],"about":[{"href":"https:\/\/corrientesdetarde.com\/index.php\/wp-json\/wp\/v2\/types\/post"}],"author":[{"embeddable":true,"href":"https:\/\/corrientesdetarde.com\/index.php\/wp-json\/wp\/v2\/users\/6"}],"replies":[{"embeddable":true,"href":"https:\/\/corrientesdetarde.com\/index.php\/wp-json\/wp\/v2\/comments?post=133347"}],"version-history":[{"count":1,"href":"https:\/\/corrientesdetarde.com\/index.php\/wp-json\/wp\/v2\/posts\/133347\/revisions"}],"predecessor-version":[{"id":133350,"href":"https:\/\/corrientesdetarde.com\/index.php\/wp-json\/wp\/v2\/posts\/133347\/revisions\/133350"}],"wp:featuredmedia":[{"embeddable":true,"href":"https:\/\/corrientesdetarde.com\/index.php\/wp-json\/wp\/v2\/media\/133348"}],"wp:attachment":[{"href":"https:\/\/corrientesdetarde.com\/index.php\/wp-json\/wp\/v2\/media?parent=133347"}],"wp:term":[{"taxonomy":"category","embeddable":true,"href":"https:\/\/corrientesdetarde.com\/index.php\/wp-json\/wp\/v2\/categories?post=133347"},{"taxonomy":"post_tag","embeddable":true,"href":"https:\/\/corrientesdetarde.com\/index.php\/wp-json\/wp\/v2\/tags?post=133347"}],"curies":[{"name":"wp","href":"https:\/\/api.w.org\/{rel}","templated":true}]}}