{"id":133349,"date":"2024-03-17T19:03:27","date_gmt":"2024-03-17T22:03:27","guid":{"rendered":"https:\/\/corrientesdetarde.com\/?p=133349"},"modified":"2024-03-17T19:03:30","modified_gmt":"2024-03-17T22:03:30","slug":"una-mujer-que-era-buscada-en-corrientes-aparecio-desorientada-en-chaco","status":"publish","type":"post","link":"https:\/\/corrientesdetarde.com\/index.php\/policiales\/una-mujer-que-era-buscada-en-corrientes-aparecio-desorientada-en-chaco\/","title":{"rendered":"Una mujer que era buscada en Corrientes apareci\u00f3 desorientada en Chaco."},"content":{"rendered":"\n<h2 class=\"wp-block-heading\">La mujer de 29 a\u00f1os es oriunda de esa provincia y hay una denuncia por su desaparici\u00f3n, que se habr\u00eda dado el jueves pasado. <\/h2>\n\n\n\n<p>Esta ma\u00f1ana vecinos de S\u00e1enz Pe\u00f1a alertaron a la Polic\u00eda sobre la&nbsp;presencia de una mujer que deambulaba desorientada&nbsp;&nbsp;en calle 11, entre 12 y 14 del centro. All\u00ed intervino personal de la Divisi\u00f3n Violencia Familiar y de G\u00e9nero, que la contuvo y brind\u00f3 alojamiento moment\u00e1neo. La mujer de 29 a\u00f1os coment\u00f3 que&nbsp;hace algunos d\u00edas la hab\u00edan subido a la fuerza a una camioneta en la ciudad de Corrientes&nbsp;.&nbsp;<\/p>\n\n\n\n<p>La presunta v\u00edctima cont\u00f3 a los agentes que&nbsp;fue dejada en la calle por unos sujetos que la habr\u00edan raptado el pasado viernes a las 18:30, aproximadamente, cuando iba a buscar a sus hijos&nbsp;.<\/p>\n\n\n\n<p>La Polic\u00eda local entabl\u00f3 comunicaci\u00f3n telef\u00f3nica con personal de la Comisar\u00eda 15 de la vecina provincia, quienes&nbsp;confirmaron que exist\u00eda una denuncia por parte de su pareja&nbsp;&nbsp;y que&nbsp;familiares de esta mencionaron que habr\u00eda sido secuestrada por varios individuos y que la habr\u00edan subido a una camioneta gris. Adem\u00e1s, el oficial informo que&nbsp;exist\u00edan publicaciones en Facebook que comentaban lo sucedido.<\/p>\n\n\n\n<p>El fiscal de turno, Marcelo Fabi\u00e1n Soto, orden\u00f3 que se labre un informe y se aguarde el arribo de la comitiva de la Polic\u00eda de Corrientes.&nbsp;<\/p>\n\n\n\n<p><em>Fuente: Data Chaco.<\/em><\/p>\n","protected":false},"excerpt":{"rendered":"<p>La mujer de 29 a\u00f1os es oriunda de esa provincia y hay una denuncia por su desaparici\u00f3n, que se habr\u00eda dado el jueves pasado. Esta ma\u00f1ana vecinos de S\u00e1enz Pe\u00f1a&hellip; <\/p>\n","protected":false},"author":6,"featured_media":133351,"comment_status":"closed","ping_status":"open","sticky":false,"template":"","format":"standard","meta":{"footnotes":""},"categories":[33],"tags":[],"class_list":["post-133349","post","type-post","status-publish","format-standard","has-post-thumbnail","hentry","category-policiales"],"_links":{"self":[{"href":"https:\/\/corrientesdetarde.com\/index.php\/wp-json\/wp\/v2\/posts\/133349","targetHints":{"allow":["GET"]}}],"collection":[{"href":"https:\/\/corrientesdetarde.com\/index.php\/wp-json\/wp\/v2\/posts"}],"about":[{"href":"https:\/\/corrientesdetarde.com\/index.php\/wp-json\/wp\/v2\/types\/post"}],"author":[{"embeddable":true,"href":"https:\/\/corrientesdetarde.com\/index.php\/wp-json\/wp\/v2\/users\/6"}],"replies":[{"embeddable":true,"href":"https:\/\/corrientesdetarde.com\/index.php\/wp-json\/wp\/v2\/comments?post=133349"}],"version-history":[{"count":1,"href":"https:\/\/corrientesdetarde.com\/index.php\/wp-json\/wp\/v2\/posts\/133349\/revisions"}],"predecessor-version":[{"id":133352,"href":"https:\/\/corrientesdetarde.com\/index.php\/wp-json\/wp\/v2\/posts\/133349\/revisions\/133352"}],"wp:featuredmedia":[{"embeddable":true,"href":"https:\/\/corrientesdetarde.com\/index.php\/wp-json\/wp\/v2\/media\/133351"}],"wp:attachment":[{"href":"https:\/\/corrientesdetarde.com\/index.php\/wp-json\/wp\/v2\/media?parent=133349"}],"wp:term":[{"taxonomy":"category","embeddable":true,"href":"https:\/\/corrientesdetarde.com\/index.php\/wp-json\/wp\/v2\/categories?post=133349"},{"taxonomy":"post_tag","embeddable":true,"href":"https:\/\/corrientesdetarde.com\/index.php\/wp-json\/wp\/v2\/tags?post=133349"}],"curies":[{"name":"wp","href":"https:\/\/api.w.org\/{rel}","templated":true}]}}