{"id":133353,"date":"2024-03-17T19:07:53","date_gmt":"2024-03-17T22:07:53","guid":{"rendered":"https:\/\/corrientesdetarde.com\/?p=133353"},"modified":"2024-03-17T19:08:05","modified_gmt":"2024-03-17T22:08:05","slug":"la-actividad-de-la-industria-pyme-cayo-casi-10-en-febrero","status":"publish","type":"post","link":"https:\/\/corrientesdetarde.com\/index.php\/economia\/la-actividad-de-la-industria-pyme-cayo-casi-10-en-febrero\/","title":{"rendered":"La actividad de la industria pyme cay\u00f3 casi 10% en febrero."},"content":{"rendered":"\n<h2 class=\"wp-block-heading\">En los dos primeros meses del a\u00f1o sum\u00f3 una retracci\u00f3n del 21,7%, seg\u00fan un informe de Came. Crece la preocupaci\u00f3n por la apertura de importaciones y la suba de costos, sobre todo en servicios y combustibles.<\/h2>\n\n\n\n<p><strong>La\u00a0industria manufacturera pyme\u00a0cay\u00f3 9,9% en febrero<\/strong>\u00a0respecto del mismo mes del a\u00f1o pasado y sum\u00f3 el tercer mes consecutivo en baja.\u00a0<strong>En lo que va del a\u00f1o, el desplome alcanz\u00f3 el 21,7%,<\/strong>\u00a0seg\u00fan el informe de la Confederaci\u00f3n Argentina de la Mediana Empresa (<strong>Came<\/strong>).<\/p>\n\n\n\n<p>Si bien en febrero la actividad fabril\u00a0<strong>aminor\u00f3 la velocidad de ca\u00edda,<\/strong>\u00a0luego de una retracci\u00f3n del 27% en diciembre y del 30% en enero,\u00a0<strong>en la comparaci\u00f3n mensual tambi\u00e9n registr\u00f3 un descenso de 7,7%<\/strong>, lo que dej\u00f3 al descubierto que podr\u00eda a\u00fan no haber encontrado su piso.<\/p>\n\n\n\n<p>Seg\u00fan el informe, las empresas&nbsp;<strong>operaron en febrero con 70,9% de su capacidad instalada<\/strong>, manteniendo los niveles de enero, que hab\u00eda sido del 70,8%. Adem\u00e1s, indic\u00f3 que el 32,7% de las industrias reportaron&nbsp;<strong>problemas para la reposici\u00f3n de stock, aunque en \u201cmucha menor escala que meses anteriores\u201d.<\/strong><\/p>\n\n\n\n<p>En cuanto a las dificultades que enfrentan, se\u00f1al\u00f3 que \u201clo que m\u00e1s preocup\u00f3 en febrero fueron las&nbsp;<strong>subas de costos, especialmente en servicios y combustibles<\/strong>\u201d, adem\u00e1s de los problemas para \u201c<strong>trasladar a precios<\/strong>&nbsp;esos incrementos en el contexto actual\u201d y la \u201c<strong>incertidumbre&nbsp;<\/strong>por el impacto que pudiera tener la&nbsp;<strong>apertura de importaciones&nbsp;<\/strong>en algunos sectores\u201d.<\/p>\n\n\n\n<h2 class=\"wp-block-heading\">Qu\u00e9 pas\u00f3 con la producci\u00f3n pyme, sector por sector<\/h2>\n\n\n\n<p><strong>Cinco de los seis sectores manufactureros&nbsp;<\/strong>del segmento pyme relevados por Came&nbsp;<strong>mostraron ca\u00eddas<\/strong>&nbsp;en febrero en la comparaci\u00f3n anual, pero los m\u00e1s afectados fueron Papel e Impresiones, con una ca\u00edda del 24,6% y Qu\u00edmicos y Pl\u00e1sticos, del 23,1%.<\/p>\n\n\n\n<ul class=\"wp-block-list\">\n<li><strong>Alimentos y Bebidas:<\/strong>&nbsp;registr\u00f3 una<strong>&nbsp;ca\u00edda de 0,3% anual<\/strong>&nbsp;en febrero y de 1,1% en la comparaci\u00f3n intermensual. En los primeros dos meses del a\u00f1o acumul\u00f3 una baja de 14,6% anual. Seg\u00fan el informe, \u201cen febrero continuaron las&nbsp;<strong>subas de precios en los insumos<\/strong>&nbsp;del sector, pero al mismo tiempo se normalizaron las entregas frente a una coyuntura econ\u00f3mica algo m\u00e1s predecible\u201d y que \u201clas empresas se\u00f1alaron perjuicios por la suba de costos, principalmente de la energ\u00eda y el transporte\u201d.<\/li>\n\n\n\n<li><strong>Indumentaria y Textil:<\/strong>&nbsp;<strong>creci\u00f3 10,5% anual&nbsp;<\/strong>en febrero, aunque registr\u00f3 una ca\u00edda de 2,4% frente a enero. En los primeros dos meses del a\u00f1o acumul\u00f3 una baja de 1,3% anual. \u201c<strong>El inicio del ciclo lectivo y de actividades deportivas levant\u00f3<\/strong>&nbsp;la demanda de las pymes orientadas a este segmento, que hab\u00edan tenido un enero de muy poca demanda\u201d, indic\u00f3. Tambi\u00e9n se\u00f1al\u00f3 que \u201cla mayor preocupaci\u00f3n del sector es la posibilidad de una apertura en las importaciones, lo que sacar\u00eda a muchas industrias del mercado\u201d.<\/li>\n\n\n\n<li><strong>Maderas y Muebles<\/strong>:<strong>&nbsp;se retrajo 10% anual y 3% en la comparaci\u00f3n intermensual.<\/strong>&nbsp;Para los primeros dos meses del a\u00f1o acumul\u00f3 una baja interanual de 24,6%. \u201cLas empresas vinculadas al sector de la obra p\u00fablica son las que atraviesan la situaci\u00f3n m\u00e1s dif\u00edcil por la par\u00e1lisis de esa actividad\u201d, precis\u00f3. Tambi\u00e9n que&nbsp;<strong>los proyectos que se activan \u201cson de peque\u00f1o porte&nbsp;<\/strong>y que hay problemas para conseguir insumos\u201d. En tanto que para las compa\u00f1\u00edas orientadas a la fabricaci\u00f3n de muebles \u201cel aumento que tuvo el precio de la madera hace inviables los presupuestos que se pasan\u201d.<\/li>\n<\/ul>\n\n\n\n<figure class=\"wp-block-image\"><img decoding=\"async\" src=\"https:\/\/tn.com.ar\/resizer\/qQ5ffGL8bWVmxmut0O4AskNvJlA=\/767x0\/smart\/filters:format(webp)\/cloudfront-us-east-1.images.arcpublishing.com\/artear\/JTG6RC3ESJBWZKNUDIYQFQSDPI.png\" alt=\"Producci\u00f3n industrial pyme de febrero, sector por sector (Gr\u00e1fico: Came).\"\/><figcaption class=\"wp-element-caption\">Producci\u00f3n industrial pyme de febrero, sector por sector (Gr\u00e1fico: Came).<\/figcaption><\/figure>\n\n\n\n<ul class=\"wp-block-list\">\n<li><strong>Met\u00e1licos, Maquinarias, Equipos y Material de Transporte: tuvo una contracci\u00f3n de 15,2% anual<\/strong>&nbsp;a precios constantes en febrero y del 4,9% en la comparaci\u00f3n intermensual. En los primeros dos meses del a\u00f1o acumul\u00f3 una ca\u00edda de 27,9% en relaci\u00f3n con el mismo per\u00edodo del a\u00f1o pasado. \u201cHubo reporte de faltantes de insumos, aunque en menor medida que el a\u00f1o pasado y subas de precios de las materias primas\u201d indic\u00f3 Came y explic\u00f3 que \u201cal ser una actividad muy transversal al resto de las industrias, los empresarios ven un panorama complejo para los pr\u00f3ximos meses\u201d.<\/li>\n<\/ul>\n\n\n\n<ul class=\"wp-block-list\">\n<li><strong>Productos Qu\u00edmicos y Pl\u00e1sticos: se contrajo 23,1% anual<\/strong>&nbsp;en febrero y 6,2% en la comparaci\u00f3n intermensual. En los primeros dos meses del a\u00f1o acumul\u00f3 una baja de 31,2% frente al mismo per\u00edodo del a\u00f1o pasado. \u201cLas empresas que importan insumos se\u00f1alaron que a pesar del Bopreal que sac\u00f3 el Gobierno nacional, contin\u00faan con problemas para cancelar deudas con el exterior y eso les impide comprar insumos\u201d, destac\u00f3 el estudio.<\/li>\n\n\n\n<li><strong>Papel, Cart\u00f3n, Edici\u00f3n e Impresi\u00f3n: experiment\u00f3 una marcada ca\u00edda de 24,6% anual<\/strong>\u00a0en febrero y acumul\u00f3 un descenso de 26% en el primer bimestre del a\u00f1o. En t\u00e9rminos mensuales tambi\u00e9n se registr\u00f3 una retracci\u00f3n de 4,8%. \u201cHubo un deterioro significativo en la cadena de pagos y m\u00e1s problemas para cobrarle al cliente\u201d, alert\u00f3 la entidad empresaria y dijo que \u201ceso, sumado a los incrementos en los costos operativos, deterioraron la rentabilidad de la actividad\u201d y que \u201cfrente a la falta de demanda, las industrias tuvieron dificultades para trasladar los mayores costos a precios, en un mercado de consumo que crece lento\u201d.<\/li>\n<\/ul>\n\n\n\n<p><em>Fuente: Todo Noticias.<\/em><\/p>\n","protected":false},"excerpt":{"rendered":"<p>En los dos primeros meses del a\u00f1o sum\u00f3 una retracci\u00f3n del 21,7%, seg\u00fan un informe de Came. Crece la preocupaci\u00f3n por la apertura de importaciones y la suba de costos,&hellip; <\/p>\n","protected":false},"author":6,"featured_media":133355,"comment_status":"closed","ping_status":"open","sticky":false,"template":"","format":"standard","meta":{"footnotes":""},"categories":[20],"tags":[],"class_list":["post-133353","post","type-post","status-publish","format-standard","has-post-thumbnail","hentry","category-economia"],"_links":{"self":[{"href":"https:\/\/corrientesdetarde.com\/index.php\/wp-json\/wp\/v2\/posts\/133353","targetHints":{"allow":["GET"]}}],"collection":[{"href":"https:\/\/corrientesdetarde.com\/index.php\/wp-json\/wp\/v2\/posts"}],"about":[{"href":"https:\/\/corrientesdetarde.com\/index.php\/wp-json\/wp\/v2\/types\/post"}],"author":[{"embeddable":true,"href":"https:\/\/corrientesdetarde.com\/index.php\/wp-json\/wp\/v2\/users\/6"}],"replies":[{"embeddable":true,"href":"https:\/\/corrientesdetarde.com\/index.php\/wp-json\/wp\/v2\/comments?post=133353"}],"version-history":[{"count":1,"href":"https:\/\/corrientesdetarde.com\/index.php\/wp-json\/wp\/v2\/posts\/133353\/revisions"}],"predecessor-version":[{"id":133356,"href":"https:\/\/corrientesdetarde.com\/index.php\/wp-json\/wp\/v2\/posts\/133353\/revisions\/133356"}],"wp:featuredmedia":[{"embeddable":true,"href":"https:\/\/corrientesdetarde.com\/index.php\/wp-json\/wp\/v2\/media\/133355"}],"wp:attachment":[{"href":"https:\/\/corrientesdetarde.com\/index.php\/wp-json\/wp\/v2\/media?parent=133353"}],"wp:term":[{"taxonomy":"category","embeddable":true,"href":"https:\/\/corrientesdetarde.com\/index.php\/wp-json\/wp\/v2\/categories?post=133353"},{"taxonomy":"post_tag","embeddable":true,"href":"https:\/\/corrientesdetarde.com\/index.php\/wp-json\/wp\/v2\/tags?post=133353"}],"curies":[{"name":"wp","href":"https:\/\/api.w.org\/{rel}","templated":true}]}}