{"id":133354,"date":"2024-03-17T19:10:38","date_gmt":"2024-03-17T22:10:38","guid":{"rendered":"https:\/\/corrientesdetarde.com\/?p=133354"},"modified":"2024-03-17T19:10:50","modified_gmt":"2024-03-17T22:10:50","slug":"una-menor-encerrada-en-un-auto-fue-rescatada-por-bomberos","status":"publish","type":"post","link":"https:\/\/corrientesdetarde.com\/index.php\/policiales\/una-menor-encerrada-en-un-auto-fue-rescatada-por-bomberos\/","title":{"rendered":"Una menor encerrada en un auto fue rescatada por bomberos."},"content":{"rendered":"\n<h2 class=\"wp-block-heading\">Este s\u00e1bado, personal del Cuartel 397 debi\u00f3 romper el cristal de un autom\u00f3vil para sacar a una ni\u00f1a de tres a\u00f1os que estaba dentro del mismo.<\/h2>\n\n\n\n<p>Bomberos realizaron este s\u00e1bado, cerca de las 17, un procedimiento de rescate vehicular en la zona del cruce de Avenida Necochea y Costanera Juan Pablo II. Dentro de un rodado, estaba encerrada una menor de tres a\u00f1os de edad.<\/p>\n\n\n\n<p>El personal de guardia fue alertado por el 911.<\/p>\n\n\n\n<p><\/p>\n\n\n\n<p><em>Fuente: Radio Sudamericana.<\/em><\/p>\n","protected":false},"excerpt":{"rendered":"<p>Este s\u00e1bado, personal del Cuartel 397 debi\u00f3 romper el cristal de un autom\u00f3vil para sacar a una ni\u00f1a de tres a\u00f1os que estaba dentro del mismo. Bomberos realizaron este s\u00e1bado,&hellip; <\/p>\n","protected":false},"author":6,"featured_media":133357,"comment_status":"closed","ping_status":"open","sticky":false,"template":"","format":"standard","meta":{"footnotes":""},"categories":[33],"tags":[],"class_list":["post-133354","post","type-post","status-publish","format-standard","has-post-thumbnail","hentry","category-policiales"],"_links":{"self":[{"href":"https:\/\/corrientesdetarde.com\/index.php\/wp-json\/wp\/v2\/posts\/133354","targetHints":{"allow":["GET"]}}],"collection":[{"href":"https:\/\/corrientesdetarde.com\/index.php\/wp-json\/wp\/v2\/posts"}],"about":[{"href":"https:\/\/corrientesdetarde.com\/index.php\/wp-json\/wp\/v2\/types\/post"}],"author":[{"embeddable":true,"href":"https:\/\/corrientesdetarde.com\/index.php\/wp-json\/wp\/v2\/users\/6"}],"replies":[{"embeddable":true,"href":"https:\/\/corrientesdetarde.com\/index.php\/wp-json\/wp\/v2\/comments?post=133354"}],"version-history":[{"count":1,"href":"https:\/\/corrientesdetarde.com\/index.php\/wp-json\/wp\/v2\/posts\/133354\/revisions"}],"predecessor-version":[{"id":133358,"href":"https:\/\/corrientesdetarde.com\/index.php\/wp-json\/wp\/v2\/posts\/133354\/revisions\/133358"}],"wp:featuredmedia":[{"embeddable":true,"href":"https:\/\/corrientesdetarde.com\/index.php\/wp-json\/wp\/v2\/media\/133357"}],"wp:attachment":[{"href":"https:\/\/corrientesdetarde.com\/index.php\/wp-json\/wp\/v2\/media?parent=133354"}],"wp:term":[{"taxonomy":"category","embeddable":true,"href":"https:\/\/corrientesdetarde.com\/index.php\/wp-json\/wp\/v2\/categories?post=133354"},{"taxonomy":"post_tag","embeddable":true,"href":"https:\/\/corrientesdetarde.com\/index.php\/wp-json\/wp\/v2\/tags?post=133354"}],"curies":[{"name":"wp","href":"https:\/\/api.w.org\/{rel}","templated":true}]}}