{"id":133359,"date":"2024-03-17T19:19:03","date_gmt":"2024-03-17T22:19:03","guid":{"rendered":"https:\/\/corrientesdetarde.com\/?p=133359"},"modified":"2024-03-17T19:19:08","modified_gmt":"2024-03-17T22:19:08","slug":"la-municipalidad-intensifico-los-trabajos-de-limpieza-ante-la-alerta-amarilla","status":"publish","type":"post","link":"https:\/\/corrientesdetarde.com\/index.php\/informacion-general\/la-municipalidad-intensifico-los-trabajos-de-limpieza-ante-la-alerta-amarilla\/","title":{"rendered":"La Municipalidad intensific\u00f3 los trabajos de limpieza ante la alerta amarilla."},"content":{"rendered":"\n<h2 class=\"wp-block-heading\">Con m\u00e1s de 90 mil\u00edmetros de agua ca\u00edda, no se registran, hasta el momento, familias evacuadas. Desde ayer el Municipio activ\u00f3 un protocolo de crisis ante la alerta amarilla emitida por el Servicio Meteorol\u00f3gico. Se procedi\u00f3 a la limpieza y desobstrucci\u00f3n de canales y desag\u00fces. Se habilit\u00f3 el CIC del Anah\u00ed para posibles requerimientos de los vecinos.<\/h2>\n\n\n\n<p>La ciudad de Corrientes se vio afectada este domingo por\u00a0<strong>fuertes lluvias que alcanzaron m\u00e1s de 90 mil\u00edmetros de agua ca\u00edda<\/strong>, generando preocupaci\u00f3n en diversos barrios. En este contexto, la Municipalidad reforz\u00f3 el trabajo de limpieza y desobstrucci\u00f3n de los desag\u00fces para evitar anegamientos.<\/p>\n\n\n\n<p>El subsecretario de Riesgos y Cat\u00e1strofes, Jos\u00e9 Ruiz, ofreci\u00f3 detalles sobre las acciones desplegadas para enfrentar esta situaci\u00f3n. &#8220;<strong>Amanecimos con una intensa lluvia, a partir de las 7 de la ma\u00f1ana hasta las 11 pr\u00e1cticamente llovieron 90 mm<\/strong>&#8220;, declar\u00f3 el funcionario.<\/p>\n\n\n\n<p>Se\u00f1al\u00f3 adem\u00e1s que, ante el fen\u00f3meno meteorol\u00f3gico,&nbsp;<strong>el Municipio intensific\u00f3 las labores de emergencia en toda la ciudad, priorizando la reparaci\u00f3n de infraestructuras afectadas, reparaci\u00f3n de un muro, despeje de \u00e1rboles ca\u00eddos, y limpieza de ductos, canales y desag\u00fces para que la lluvia pueda escurrir mejor<\/strong>. Asimismo, los camiones desobstructores de Forever Pipe recorrieron distintos barrios e&nbsp;intervinieron en puntos cr\u00edticos.<\/p>\n\n\n\n<p><\/p>\n\n\n\n<figure class=\"wp-block-image size-full\"><img loading=\"lazy\" decoding=\"async\" width=\"700\" height=\"466\" src=\"https:\/\/corrientesdetarde.com\/wp-content\/uploads\/2024\/03\/image-427.png\" alt=\"\" class=\"wp-image-133362\" srcset=\"https:\/\/corrientesdetarde.com\/wp-content\/uploads\/2024\/03\/image-427.png 700w, https:\/\/corrientesdetarde.com\/wp-content\/uploads\/2024\/03\/image-427-300x200.png 300w\" sizes=\"auto, (max-width: 700px) 100vw, 700px\" \/><\/figure>\n\n\n\n<p><br><br>Una tarea que se reforz\u00f3 a\u00fan m\u00e1s en los barrios m\u00e1s afectados. Al respecto, Ruiz mencion\u00f3: &#8220;<strong>Estamos trabajando en La Olla, en el Cichero y el Paloma de la Paz, sobre todo la limpieza y desobstrucci\u00f3n que puedan tener los sumideros por los pl\u00e1sticos y la basura que hay en la calle. En Las Heras y Chile tambi\u00e9n estuvimos trabajando, al igual que en Tacuar\u00ed y Cazadores<\/strong>&#8220;.<\/p>\n\n\n\n<h2 class=\"wp-block-heading\"><strong>CA\u00cdDA DE UN MURO<\/strong><\/h2>\n\n\n\n<p><strong>Uno de los incidentes m\u00e1s destacados fue la ca\u00edda de un muro perimetral en la calle Buenos Aires al 900<\/strong>.<a href=\"https:\/\/www.radiosudamericana.com\/notix\/multimedia\/imagenes\/fotos\/2024-03-17\/254150.png\"><\/a><\/p>\n\n\n\n<figure class=\"wp-block-image size-full\"><img loading=\"lazy\" decoding=\"async\" width=\"700\" height=\"466\" src=\"https:\/\/corrientesdetarde.com\/wp-content\/uploads\/2024\/03\/image-428.png\" alt=\"\" class=\"wp-image-133363\" srcset=\"https:\/\/corrientesdetarde.com\/wp-content\/uploads\/2024\/03\/image-428.png 700w, https:\/\/corrientesdetarde.com\/wp-content\/uploads\/2024\/03\/image-428-300x200.png 300w\" sizes=\"auto, (max-width: 700px) 100vw, 700px\" \/><\/figure>\n\n\n\n<p><br><br>&#8220;<strong>Cay\u00f3 una pared perimetral, digamos del frente de una casa<\/strong>&#8220;, se\u00f1al\u00f3 Ruiz, agregando que se desplegaron equipos para retirar el material y advertir a los residentes sobre los peligros potenciales, especialmente debido a la doble fila de estacionamiento de los tutores de la escuela Nuestra Se\u00f1ora de la Misericordia.\u00a0<br><br>A pesar de las precipitaciones, Ruiz inform\u00f3 que\u00a0<strong>no se registraron evacuaciones, aunque en cercan\u00edas al entubado Santo Domingo, algunas viviendas sufrieron inundacione<\/strong>s. &#8220;Esto es efecto de fen\u00f3meno de El Ni\u00f1o que estamos atravesando&#8221;, explic\u00f3.<\/p>\n\n\n\n<p><\/p>\n\n\n\n<figure class=\"wp-block-image size-full\"><img loading=\"lazy\" decoding=\"async\" width=\"700\" height=\"833\" src=\"https:\/\/corrientesdetarde.com\/wp-content\/uploads\/2024\/03\/image-429.png\" alt=\"\" class=\"wp-image-133364\" srcset=\"https:\/\/corrientesdetarde.com\/wp-content\/uploads\/2024\/03\/image-429.png 700w, https:\/\/corrientesdetarde.com\/wp-content\/uploads\/2024\/03\/image-429-252x300.png 252w\" sizes=\"auto, (max-width: 700px) 100vw, 700px\" \/><\/figure>\n\n\n\n<p><br><br>Asimismo, asever\u00f3 que est\u00e1 habilitado el Centro Integrador Comunitario (CIC) del barrio Anah\u00ed para aquellas familias que necesiten eventualmente evacuarse.<br><br>Con la perspectiva de m\u00e1s lluvias, Ruiz inst\u00f3 a los residentes a tomar precauciones adicionales. &#8220;<strong>Se recuerda a los vecinos no sacar la basura y evitar circular por la ciudad<\/strong>&#8220;, advirti\u00f3.<\/p>\n\n\n\n<p><a href=\"https:\/\/www.radiosudamericana.com\/notix\/multimedia\/imagenes\/fotos\/2024-03-17\/439267.png\"><\/a><\/p>\n\n\n\n<figure class=\"wp-block-image size-full\"><img loading=\"lazy\" decoding=\"async\" width=\"700\" height=\"466\" src=\"https:\/\/corrientesdetarde.com\/wp-content\/uploads\/2024\/03\/image-430.png\" alt=\"\" class=\"wp-image-133365\" srcset=\"https:\/\/corrientesdetarde.com\/wp-content\/uploads\/2024\/03\/image-430.png 700w, https:\/\/corrientesdetarde.com\/wp-content\/uploads\/2024\/03\/image-430-300x200.png 300w\" sizes=\"auto, (max-width: 700px) 100vw, 700px\" \/><\/figure>\n\n\n\n<p><br><br>Agreg\u00f3: \u201cAnte alg\u00fan inconveniente tambi\u00e9n recordamos a los vecinos que todas las denuncias entran a nuestra mesa de trabajo, estamos con el Centro de Operaciones de Emergencia en la Intendencia, atendiendo todos los reclamos\u201d.<br><br>Desde el Municipio\u00a0<strong>se permanece en alerta ante las previsiones de m\u00e1s lluvias en las pr\u00f3ximas horas<\/strong>, mientras tanto, las cuadrillas de emergencia trabajan incansablemente para mitigar los da\u00f1os causados por las inclemencias clim\u00e1ticas.<br><br><em>Ante cualquier emergencia, est\u00e1n en pleno funcionamiento las l\u00edneas de contacto directo: el 147 y el 379-4341768.<\/em><\/p>\n","protected":false},"excerpt":{"rendered":"<p>Con m\u00e1s de 90 mil\u00edmetros de agua ca\u00edda, no se registran, hasta el momento, familias evacuadas. Desde ayer el Municipio activ\u00f3 un protocolo de crisis ante la alerta amarilla emitida&hellip; <\/p>\n","protected":false},"author":6,"featured_media":133361,"comment_status":"closed","ping_status":"open","sticky":false,"template":"","format":"standard","meta":{"footnotes":""},"categories":[1],"tags":[],"class_list":["post-133359","post","type-post","status-publish","format-standard","has-post-thumbnail","hentry","category-informacion-general"],"_links":{"self":[{"href":"https:\/\/corrientesdetarde.com\/index.php\/wp-json\/wp\/v2\/posts\/133359","targetHints":{"allow":["GET"]}}],"collection":[{"href":"https:\/\/corrientesdetarde.com\/index.php\/wp-json\/wp\/v2\/posts"}],"about":[{"href":"https:\/\/corrientesdetarde.com\/index.php\/wp-json\/wp\/v2\/types\/post"}],"author":[{"embeddable":true,"href":"https:\/\/corrientesdetarde.com\/index.php\/wp-json\/wp\/v2\/users\/6"}],"replies":[{"embeddable":true,"href":"https:\/\/corrientesdetarde.com\/index.php\/wp-json\/wp\/v2\/comments?post=133359"}],"version-history":[{"count":1,"href":"https:\/\/corrientesdetarde.com\/index.php\/wp-json\/wp\/v2\/posts\/133359\/revisions"}],"predecessor-version":[{"id":133366,"href":"https:\/\/corrientesdetarde.com\/index.php\/wp-json\/wp\/v2\/posts\/133359\/revisions\/133366"}],"wp:featuredmedia":[{"embeddable":true,"href":"https:\/\/corrientesdetarde.com\/index.php\/wp-json\/wp\/v2\/media\/133361"}],"wp:attachment":[{"href":"https:\/\/corrientesdetarde.com\/index.php\/wp-json\/wp\/v2\/media?parent=133359"}],"wp:term":[{"taxonomy":"category","embeddable":true,"href":"https:\/\/corrientesdetarde.com\/index.php\/wp-json\/wp\/v2\/categories?post=133359"},{"taxonomy":"post_tag","embeddable":true,"href":"https:\/\/corrientesdetarde.com\/index.php\/wp-json\/wp\/v2\/tags?post=133359"}],"curies":[{"name":"wp","href":"https:\/\/api.w.org\/{rel}","templated":true}]}}