{"id":133369,"date":"2024-03-17T19:23:24","date_gmt":"2024-03-17T22:23:24","guid":{"rendered":"https:\/\/corrientesdetarde.com\/?p=133369"},"modified":"2024-03-17T19:23:36","modified_gmt":"2024-03-17T22:23:36","slug":"ferias-de-la-ciudad-conoce-el-cronograma-de-esta-semana","status":"publish","type":"post","link":"https:\/\/corrientesdetarde.com\/index.php\/informacion-general\/ferias-de-la-ciudad-conoce-el-cronograma-de-esta-semana\/","title":{"rendered":"Ferias de la Ciudad: conoc\u00e9 el cronograma de esta semana."},"content":{"rendered":"\n<h2 class=\"wp-block-heading\">Con ofertas y productos de calidad para los vecinos, los feriantes capitalinos volver\u00e1n a recorrer distintos parques, plazas y paseos. Desde el lunes 18 al domingo 24 de marzo, la propuesta llegar\u00e1 a las Mil Viviendas, Ber\u00f3n de Astrada, Centro, Libertad, San Ger\u00f3nimo, parque Mitre y Paseo Arazaty.<\/h2>\n\n\n\n<p>La Municipalidad de Corrientes dio a conocer la nueva programaci\u00f3n de las Ferias de la Ciudad, que llegar\u00e1n a distintos espacios p\u00fablicos del lunes 18 al domingo 24 de marzo. Se trata de una acci\u00f3n coordinada por la Secretar\u00eda de Desarrollo Econ\u00f3mico municipal, a trav\u00e9s de la Subsecretar\u00eda de Econom\u00eda Social.\u00a0<\/p>\n\n\n\n<p>El recorrido iniciar\u00e1 el lunes 18 en el barrio Mil Viviendas -plaza Rep\u00fablica del Per\u00fa, en avenida Patagonia entre Av. La Paz y Av. Paysand\u00fa- y en el barrio Ber\u00f3n de Astrada -plazoleta Los Inmigrantes, en Ac. Correa Fern\u00e1ndez y Av. Sarmiento-.<\/p>\n\n\n\n<p>El martes 19, las ferias se instalar\u00e1n en la plaza Torrent (San Lorenzo y Bol\u00edvar) y plazoleta Los Amigos (avenida Gobernador Pujol y Brasil) en el barrio Libertad. El mi\u00e9rcoles 20 volver\u00e1n a estar en la plaza Torrent.<\/p>\n\n\n\n<p>El jueves 21, los puesteros se ubicar\u00e1n en plaza La Cruz, por calle Salta, en el barrio del mismo nombre. &nbsp;<\/p>\n\n\n\n<p>El viernes 22 se repetir\u00e1 la propuesta, en simult\u00e1neo, en la plaza Rep\u00fablica del Per\u00fa de las Mil Viviendas (Av. Patagonia entre Av. La Paz y Av. Paysand\u00fa); en plazoleta Los Inmigrantes (Ac Correa Fern\u00e1ndez y Av. Sarmiento) del barrio Ber\u00f3n de Astrada; y en el parque El Eucaliptal (Av. Alfons\u00edn y Av. Laprida) del barrio San Ger\u00f3nimo.<\/p>\n\n\n\n<p>El recorrido continuar\u00e1 el s\u00e1bado 23, de 8 a 13, por la calle Pil\u00fa G\u00f3mez y Jos\u00e9 Rol\u00f3n, en el parque Mitre. &nbsp;Y por la tarde, en el Paseo Arazaty, de 10 a 22. &nbsp;<\/p>\n\n\n\n<p>En tanto que el domingo 24 habr\u00e1 puesteros en el Paseo Arazaty que ofrecer\u00e1n, de 10 a 20, plantas ornamentales, ofertas gastron\u00f3micas, artesan\u00edas y manualidades. &nbsp;<\/p>\n\n\n\n<h2 class=\"wp-block-heading\">CRONOGRAMA COMPLETO<\/h2>\n\n\n\n<ul class=\"wp-block-list\">\n<li>Lunes 18 de marzo: barrio Mil Viviendas (plaza Rep\u00fablica del Per\u00fa) y barrio Ber\u00f3n de Astrada (plazoleta de los Inmigrantes)&nbsp;<\/li>\n\n\n\n<li>Martes 19 de marzo: barrio Centro (plaza Torrent) y barrio Libertad (plaza Los Amigos)<\/li>\n\n\n\n<li>Mi\u00e9rcoles 20 de marzo: barrio Centro (plaza Torrent)&nbsp;<\/li>\n\n\n\n<li>Jueves 21 de marzo: barrio La Cruz (plaza La Cruz).&nbsp;<\/li>\n\n\n\n<li>Viernes 22 de marzo: barrio Mil Viviendas (plaza Rep\u00fablica del Per\u00fa), barrio Ber\u00f3n de Astrada (plazoleta Los Inmigrantes) y barrio San Ger\u00f3nimo (parque El Eucaliptal).&nbsp;<\/li>\n\n\n\n<li>S\u00e1bado 23 de marzo: barrio Aldana (parque Mitre) \u2013por la ma\u00f1ana- y Paseo Arazaty.&nbsp;<\/li>\n\n\n\n<li>Domingo 24 de marzo: Paseo Arazaty<\/li>\n<\/ul>\n","protected":false},"excerpt":{"rendered":"<p>Con ofertas y productos de calidad para los vecinos, los feriantes capitalinos volver\u00e1n a recorrer distintos parques, plazas y paseos. Desde el lunes 18 al domingo 24 de marzo, la&hellip; <\/p>\n","protected":false},"author":6,"featured_media":133370,"comment_status":"closed","ping_status":"open","sticky":false,"template":"","format":"standard","meta":{"footnotes":""},"categories":[1],"tags":[],"class_list":["post-133369","post","type-post","status-publish","format-standard","has-post-thumbnail","hentry","category-informacion-general"],"_links":{"self":[{"href":"https:\/\/corrientesdetarde.com\/index.php\/wp-json\/wp\/v2\/posts\/133369","targetHints":{"allow":["GET"]}}],"collection":[{"href":"https:\/\/corrientesdetarde.com\/index.php\/wp-json\/wp\/v2\/posts"}],"about":[{"href":"https:\/\/corrientesdetarde.com\/index.php\/wp-json\/wp\/v2\/types\/post"}],"author":[{"embeddable":true,"href":"https:\/\/corrientesdetarde.com\/index.php\/wp-json\/wp\/v2\/users\/6"}],"replies":[{"embeddable":true,"href":"https:\/\/corrientesdetarde.com\/index.php\/wp-json\/wp\/v2\/comments?post=133369"}],"version-history":[{"count":1,"href":"https:\/\/corrientesdetarde.com\/index.php\/wp-json\/wp\/v2\/posts\/133369\/revisions"}],"predecessor-version":[{"id":133371,"href":"https:\/\/corrientesdetarde.com\/index.php\/wp-json\/wp\/v2\/posts\/133369\/revisions\/133371"}],"wp:featuredmedia":[{"embeddable":true,"href":"https:\/\/corrientesdetarde.com\/index.php\/wp-json\/wp\/v2\/media\/133370"}],"wp:attachment":[{"href":"https:\/\/corrientesdetarde.com\/index.php\/wp-json\/wp\/v2\/media?parent=133369"}],"wp:term":[{"taxonomy":"category","embeddable":true,"href":"https:\/\/corrientesdetarde.com\/index.php\/wp-json\/wp\/v2\/categories?post=133369"},{"taxonomy":"post_tag","embeddable":true,"href":"https:\/\/corrientesdetarde.com\/index.php\/wp-json\/wp\/v2\/tags?post=133369"}],"curies":[{"name":"wp","href":"https:\/\/api.w.org\/{rel}","templated":true}]}}