{"id":133374,"date":"2024-03-17T19:48:06","date_gmt":"2024-03-17T22:48:06","guid":{"rendered":"https:\/\/corrientesdetarde.com\/?p=133374"},"modified":"2024-03-17T19:48:10","modified_gmt":"2024-03-17T22:48:10","slug":"piqueteros-haran-500-cortes-en-todo-el-pais-y-bloquearan-accesos-a-caba","status":"publish","type":"post","link":"https:\/\/corrientesdetarde.com\/index.php\/informacion-general\/piqueteros-haran-500-cortes-en-todo-el-pais-y-bloquearan-accesos-a-caba\/","title":{"rendered":"Piqueteros har\u00e1n 500 cortes en todo el pa\u00eds y bloquear\u00e1n accesos a CABA."},"content":{"rendered":"\n<h2 class=\"wp-block-heading\">Ser\u00e1 a partir de las 10 de la ma\u00f1ana de este lunes. Reclaman alimentos para los comedores comunitarios, aumentos en los planes y protestan por la eliminaci\u00f3n del ex programa Potenciar Trabajo.<\/h2>\n\n\n\n<p>Los movimientos sociales que integran la\u00a0Uni\u00f3n Trabajadores de la Econom\u00eda Popular\u00a0(UTEP) y organizaciones de izquierda\u00a0<strong>realizar\u00e1n este lunes un \u201cpiquetazo nacional\u201d en el cual tienen previsto cortar cinco accesos a la Ciudad Aut\u00f3noma de Buenos Aires<\/strong>. Ser\u00e1 la continuidad de una serie de protestas\u00a0<strong>en reclamo de alimentos para los comedores y merenderos comunitarios<\/strong>. \u201cEl hambre es el l\u00edmite\u201d, es la principal consigna.<\/p>\n\n\n\n<p>El Ministerio de Seguridad de la Naci\u00f3n, a cargo de&nbsp;Patricia Bullrich, anunci\u00f3 que&nbsp;<strong>aplicar\u00e1 el Protocolo Antipiquetes&nbsp;y los desalojar\u00e1 si cortan calles, avenidas o puentes<\/strong>.<\/p>\n\n\n\n<p>\u201c<strong>Llevaremos adelante una jornada nacional, junto a otras organizaciones sociales y sindicales,&nbsp;con cabecera en el puente Pueyrred\u00f3n&nbsp;y m\u00e1s de 500 cortes y movilizaciones en todo el pa\u00eds profundizando nuestro plan de lucha&nbsp;frente a la falta absoluta de respuesta del gobierno,&nbsp;ante la emergencia alimentaria y el ajuste a la econom\u00eda popular<\/strong>\u201d, anunciaron los dirigentes sociales que participar\u00e1n de la protesta.<\/p>\n\n\n\n<p>Los piqueteros intentar\u00e1n interrumpir de manera total un tramo de la Autopista Buenos Aires La Plata. Esta previsto que estos cortes ocurran de manera simult\u00e1nea a partir de las 10 de la ma\u00f1ana. Sin embargo, el momento elegido puede cambiar, para anticiparse a las fuerzas de seguridad e inclusive que los bloqueos sean m\u00e1s.<\/p>\n\n\n\n<p>\u201cLa gente ya no aguanta m\u00e1s. Son los vecinos que nos piden que salgamos a piquetear, a hacer cortes para demostrar el malestar que existe.&nbsp;<strong>Si nos tenemos que enfrentar a la fuerza militarizada de la ministra Bullrich, lo vamos a hacer, no nos importa nada<\/strong>\u201d, expres\u00f3,&nbsp;Juan Carlos Alderete, l\u00edder de la CCC.<\/p>\n\n\n\n<p>\u201cHace meses se viene sufriendo el desabastecimiento de alimentos, por orden de la ministra de Capital Humano,&nbsp;Sandra Pettovello, en los miles de comedores comunitarios de los barrios populares de todo el pa\u00eds, donde las trabajadoras sociocomunitarias hacen malabares porque ya no alcanzan a sostener las ollas que alimentan a millones de familias que la est\u00e1n pasando muy mal\u201d, le abund\u00f3&nbsp;Eduardo Belliboni, l\u00edder del Polo Obrero.<\/p>\n\n\n\n<figure class=\"wp-block-image\"><a href=\"https:\/\/www.radiosudamericana.com\/notix\/multimedia\/imagenes\/fotos\/2024-03-17\/313410.png\"><img decoding=\"async\" src=\"https:\/\/www.radiosudamericana.com\/notix\/multimedia\/imagenes\/fotos\/2024-03-17\/313410.png_nota.png\" alt=\"\"\/><\/a><\/figure>\n\n\n\n<p>Pero ese no es el \u00fanico reclamo. Desde el Movimiento de Trabajadores Excluidos (MTE), identificado con&nbsp;Juan Grabois, se\u00f1alaron: \u201cAtacan y estigmatizan a las y los trabajadores de la econom\u00eda popular con el ajuste en el Potenciar Trabajo (ahora dividido en dos programas), el salario que complementa el laburo que se inventaron&nbsp;millones de personas descartadas del sistema formal. Vuelven al relato de planes en trabajo, una vieja receta que desconoce estas labores con intenci\u00f3n de seguir ajustando a los y las de abajo\u201d.<\/p>\n\n\n\n<p>Grabois tambi\u00e9n suma que \u201ccomo si fuera poco, pusieron fin a las obras de integraci\u00f3n socio-urbana que tanto necesitan las familias que viven hacinadas y sin servicios b\u00e1sicos en nuestros barrios\u201d.<\/p>\n\n\n\n<p>Entre los movimientos que convocan&nbsp;<strong>destacan el Polo Obrero y la Unidad Piquetera,&nbsp;Eduardo Belliboni&nbsp;es uno de sus referente<\/strong>; el Frente Popular Dar\u00edo Santill\u00e1n, que lidera&nbsp;Dina S\u00e1nchez; el Movimiento Evita, que entre sus principales dirigentes tiene a&nbsp;Emilio P\u00e9rsico,&nbsp;Gildo Onorato&nbsp;y&nbsp;Alejandro Gramajo, tambi\u00e9n secretario general de la UTEP, Libres del Sur, encabezado por&nbsp;Silvia Saravia; la Corriente Clasista y Combativa, liderada por&nbsp;Juan Carlos Alderete&nbsp;y el Movimiento de Trabajadores Excluidos (MTE), referenciado en&nbsp;Juan Grabois&nbsp;y&nbsp;Nicol\u00e1s Caropresi.<\/p>\n\n\n\n<figure class=\"wp-block-image\"><a href=\"https:\/\/www.radiosudamericana.com\/notix\/multimedia\/imagenes\/fotos\/2024-03-17\/464537.png\"><img decoding=\"async\" src=\"https:\/\/www.radiosudamericana.com\/notix\/multimedia\/imagenes\/fotos\/2024-03-17\/464537.png_nota.png\" alt=\"\"\/><\/a><\/figure>\n\n\n\n<p>\u201c<strong>Desde que lleg\u00f3 La Libertad Avanza al poder no mandaron a los comedores ni un kilo de fideos para los pibes, para las familias que cada vez, en mayor n\u00famero llegan a los comedores porque tienen hambre<\/strong>\u201d, repite Belliboni.<\/p>\n\n\n\n<p>La ministra Pettovello, como adelant\u00f3 este medio, anunci\u00f3 que ya&nbsp;<strong>llam\u00f3 a licitaci\u00f3n para la compra de alimentos \u201cde forma trasparente\u201d, que rompi\u00f3 con la \u201ccartelizaci\u00f3n\u201d que exist\u00eda y que la asistencia est\u00e1 llegando a trav\u00e9s del aumento del 100% en el valor de la Tarjeta Alimentar<\/strong>, y del programa Alimentar Comunidad, una tarjeta prepaga que se les otorga a los responsables de los comedores y merenderos \u201cmatriculados\u201d.<\/p>\n\n\n\n<p>La funcionaria explic\u00f3 que \u201c<strong>de esta manera se le quit\u00f3 la tercerizaci\u00f3n a los dirigentes sociales que&nbsp;distribu\u00edan de manera discrecional y sin rendici\u00f3n&nbsp;como una forma de extorsionar a la gente<\/strong>\u201d.<\/p>\n\n\n\n<p>De manera paralela, se dejaron de enviar las partidas de dinero a 281 Unidades de Gesti\u00f3n, que eran los lugares a los cuales los beneficiarios del Potencia Trabajo deb\u00edan realizar las 20 horas semanales de tareas. La mayor\u00eda eran cooperativas, organizaciones civiles y municipales.<\/p>\n\n\n\n<p>Seg\u00fan los funcionarios de Capital Humano, de esta manera&nbsp;<strong>se le quit\u00f3 a los piqueteros el poder de \u201cpasar lista\u201d a los que asist\u00edan para as\u00ed recibir la asistencia del Estado<\/strong>. Ahora ser\u00e1 el propio gobierno quien controle.<\/p>\n\n\n\n<p><em>Fuente: Infobae.<\/em><\/p>\n","protected":false},"excerpt":{"rendered":"<p>Ser\u00e1 a partir de las 10 de la ma\u00f1ana de este lunes. Reclaman alimentos para los comedores comunitarios, aumentos en los planes y protestan por la eliminaci\u00f3n del ex programa&hellip; <\/p>\n","protected":false},"author":6,"featured_media":133377,"comment_status":"closed","ping_status":"open","sticky":false,"template":"","format":"standard","meta":{"footnotes":""},"categories":[1],"tags":[],"class_list":["post-133374","post","type-post","status-publish","format-standard","has-post-thumbnail","hentry","category-informacion-general"],"_links":{"self":[{"href":"https:\/\/corrientesdetarde.com\/index.php\/wp-json\/wp\/v2\/posts\/133374","targetHints":{"allow":["GET"]}}],"collection":[{"href":"https:\/\/corrientesdetarde.com\/index.php\/wp-json\/wp\/v2\/posts"}],"about":[{"href":"https:\/\/corrientesdetarde.com\/index.php\/wp-json\/wp\/v2\/types\/post"}],"author":[{"embeddable":true,"href":"https:\/\/corrientesdetarde.com\/index.php\/wp-json\/wp\/v2\/users\/6"}],"replies":[{"embeddable":true,"href":"https:\/\/corrientesdetarde.com\/index.php\/wp-json\/wp\/v2\/comments?post=133374"}],"version-history":[{"count":1,"href":"https:\/\/corrientesdetarde.com\/index.php\/wp-json\/wp\/v2\/posts\/133374\/revisions"}],"predecessor-version":[{"id":133378,"href":"https:\/\/corrientesdetarde.com\/index.php\/wp-json\/wp\/v2\/posts\/133374\/revisions\/133378"}],"wp:featuredmedia":[{"embeddable":true,"href":"https:\/\/corrientesdetarde.com\/index.php\/wp-json\/wp\/v2\/media\/133377"}],"wp:attachment":[{"href":"https:\/\/corrientesdetarde.com\/index.php\/wp-json\/wp\/v2\/media?parent=133374"}],"wp:term":[{"taxonomy":"category","embeddable":true,"href":"https:\/\/corrientesdetarde.com\/index.php\/wp-json\/wp\/v2\/categories?post=133374"},{"taxonomy":"post_tag","embeddable":true,"href":"https:\/\/corrientesdetarde.com\/index.php\/wp-json\/wp\/v2\/tags?post=133374"}],"curies":[{"name":"wp","href":"https:\/\/api.w.org\/{rel}","templated":true}]}}