{"id":133380,"date":"2024-03-17T20:59:13","date_gmt":"2024-03-17T23:59:13","guid":{"rendered":"https:\/\/corrientesdetarde.com\/?p=133380"},"modified":"2024-03-17T20:59:17","modified_gmt":"2024-03-17T23:59:17","slug":"marina-calabro-sufrio-un-violento-intento-de-robo","status":"publish","type":"post","link":"https:\/\/corrientesdetarde.com\/index.php\/espectaculos\/marina-calabro-sufrio-un-violento-intento-de-robo\/","title":{"rendered":"Marina Calabr\u00f3 sufri\u00f3 un violento intento de robo."},"content":{"rendered":"\n<h2 class=\"wp-block-heading\">La periodista cont\u00f3 c\u00f3mo sucedi\u00f3 el episodio que tuvo lugar en la madrugada de este domingo.<\/h2>\n\n\n\n<p><strong>Marina Calabr\u00f3\u00a0sufri\u00f3 un intento de robo.<\/strong>\u00a0La periodista se mostr\u00f3 angustiada y cont\u00f3 c\u00f3mo fue el episodio que tuvo lugar en la madrugada de este domingo.<\/p>\n\n\n\n<p>\u201cHab\u00edamos ido a cenar con <strong>Ana (Rosenfeld)<\/strong>\u00a0y\u00a0<strong>Nequi (Galotti)\u00a0<\/strong>a un restaurante en Palermo. Eran las 22 y Ana nos invit\u00f3 a tomar un caf\u00e9 a su casa. Como las ten\u00eda que llevar porque hab\u00edamos ido con mi auto, fuimos. Estuvimos hasta las 00.30 en su casa\u201d, detall\u00f3 la periodista.<\/p>\n\n\n\n<p>Acto seguido, precis\u00f3:&nbsp;<em><strong>\u201c<\/strong><\/em>Ella vive sobre Demaria, as\u00ed que cuando sal\u00ed dobl\u00e9 en Godoy Cruz, pas\u00e9 la YPF y, cuando par\u00e9&nbsp;<strong>en el sem\u00e1foro de Libertador, se me vinieron encima tres tipos\u201d.<\/strong>&nbsp;\u201cUno me gritaba \u2018bajate\u2019 como fuera de s\u00ed, no por los gritos, sino porque no se le entend\u00eda lo que hablaba. Los otros no s\u00e9, mi recuerdo es que no hablaron, pero no s\u00e9\u201d, relat\u00f3 angustiada.<\/p>\n\n\n\n<figure class=\"wp-block-image\"><img decoding=\"async\" src=\"https:\/\/tn.com.ar\/resizer\/Jg6GwZcSfGtONEkxpqN4XH4CGuI=\/767x0\/smart\/filters:format(webp)\/cloudfront-us-east-1.images.arcpublishing.com\/artear\/5GQDYODMZJE7BIYQKCHZ6JQWMM.JPG\" alt=\"Marina Calabr\u00f3 sufri\u00f3 un intento de robo cuando regresaba de cenar con Ana Rosenfeld y Nequi Galotti. (Foto: Captura Instagram \/marinacalabro_ok)\"\/><figcaption class=\"wp-element-caption\">Marina Calabr\u00f3 sufri\u00f3 un intento de robo cuando regresaba de cenar con Ana Rosenfeld y Nequi Galotti. (Foto: Captura Instagram \/marinacalabro_ok)<\/figcaption><\/figure>\n\n\n\n<p>Respecto a c\u00f3mo se sucedieron los segundos de terror, Calabr\u00f3 dijo: \u201cUno vino de mi lado y me empez\u00f3 a tironear la manija, pero el auto estaba bloqueado. Otro se par\u00f3 adelante, del lado del cord\u00f3n de la vereda, como de la \u00f3ptica izquierda.<strong>&nbsp;Y el tercero me golpe\u00f3 con el codo la ventanilla del acompa\u00f1ante<\/strong>\u201d.<\/p>\n\n\n\n<p>\u201cYo estaba sola. Ten\u00eda la cartera y el celular apoyados en el asiento del acompa\u00f1ante y yo creo que eso&#8230; no s\u00e9 si me quer\u00edan robar el auto, me quer\u00edan robar la cartera. No s\u00e9, no entend\u00ed\u201d, coment\u00f3.<\/p>\n\n\n\n<figure class=\"wp-block-image\"><img decoding=\"async\" src=\"https:\/\/tn.com.ar\/resizer\/EkUOBjOWYqnRUdh2CC8jtOWKe-E=\/767x0\/smart\/filters:format(webp)\/cloudfront-us-east-1.images.arcpublishing.com\/artear\/54TATQI7O5EILJHA75ORDIRUYI.jpg\" alt=\"La angustia de Marina Calabr\u00f3 tras ser v\u00edctima de un intento de robo: \u201cEstoy bien, pero qued\u00e9 muy asustada\u201d (Foto: Instagram\/marina_calabrook)\"\/><figcaption class=\"wp-element-caption\">La angustia de Marina Calabr\u00f3 tras ser v\u00edctima de un intento de robo: \u201cEstoy bien, pero qued\u00e9 muy asustada\u201d (Foto: Instagram\/marina_calabrook)<\/figcaption><\/figure>\n\n\n\n<p>Fue entonces que otro veh\u00edculo apareci\u00f3 en escena. \u201cEra un auto gris metalizado. Al ver que ven\u00eda y que el sem\u00e1foro estaba en rojo&nbsp;<strong>a m\u00ed lo \u00fanico que se me ocurri\u00f3 fue empezar a tocar bocina.&nbsp;<\/strong>Creo que el tipo ya se hab\u00eda avivado igual y, en vez de ponerse atr\u00e1s m\u00edo, se puso al lado. Qued\u00f3 como al lado del tipo que estaba junto a la ventanilla y empez\u00f3 a tocar bocina tambi\u00e9n\u201d, sostuvo.<\/p>\n\n\n\n<p>Cuando el sem\u00e1foro cambi\u00f3 a verde,&nbsp;<strong>Marina vio la oportunidad y no lo dud\u00f3: aceler\u00f3.<\/strong>&nbsp;\u201cNo me anim\u00e9 a pasar en rojo porque no quer\u00eda pisarlos y porque al ser Libertador un s\u00e1bado a la noche, dije \u2018a ver si esto termina en un choque\u2019\u201d, explic\u00f3.<\/p>\n\n\n\n<p>A modo de cierre, la periodista no ocult\u00f3 la angustia: \u201c<strong>Fue horrible.&nbsp;<\/strong>No pas\u00f3 nada, pero nunca me hab\u00edan robado ni el celular en la calle.&nbsp;<strong>Me re asust\u00e9&nbsp;<\/strong>porque adem\u00e1s estaba a nada de mi casa, as\u00ed que no ven\u00eda ni pensando en esa posibilidad.&nbsp;<strong>Estoy bien, pero me qued\u00e9 re asustada\u201d.<\/strong><\/p>\n\n\n\n<h2 class=\"wp-block-heading\">C\u00f3mo se conoci\u00f3 la noticia del intento de robo a Marina Calabr\u00f3<\/h2>\n\n\n\n<p>Este mediod\u00eda, \u00c1ngel de Brito se volc\u00f3 en su cuenta de la red social X -ex Twitter- para dar la informaci\u00f3n de que Marina Calabr\u00f3 hab\u00eda sufrido un intento de robo.<\/p>\n\n\n\n<figure class=\"wp-block-image\"><img decoding=\"async\" src=\"https:\/\/tn.com.ar\/resizer\/rhGjlffZtVs__QRb4PFshHvITUc=\/767x0\/smart\/filters:format(webp)\/cloudfront-us-east-1.images.arcpublishing.com\/artear\/26BTKU27WVHXTFXYVYTHVF62NM.JPG\" alt=\"Marina Calabr\u00f3 sufri\u00f3 un intento de robo (Foto: X \/AngeldeBritoOK)\"\/><figcaption class=\"wp-element-caption\">Marina Calabr\u00f3 sufri\u00f3 un intento de robo (Foto: X \/AngeldeBritoOK)<\/figcaption><\/figure>\n\n\n\n<p>\u201cPasadas las 12:30, paro en el sem\u00e1foro de Godoy Cruz y Libertador y se me tiran encima del auto 3 tipos. Uno me trata de abrir la puerta (de mi lado). Otro golpea el vidrio del acompa\u00f1ante con el codo. Otro se me para adelante. No sab\u00eda qu\u00e9 hacer. Atin\u00e9 a tocar bocina y el auto que estaba parado atr\u00e1s m\u00edo se me pone al lado. El que ten\u00eda enfrente se corri\u00f3 un poco, y aprovech\u00e9 para salir\u201d, escribi\u00f3 el periodista.<\/p>\n\n\n\n<p><em>Fuente: Todo Noticias.<\/em><\/p>\n","protected":false},"excerpt":{"rendered":"<p>La periodista cont\u00f3 c\u00f3mo sucedi\u00f3 el episodio que tuvo lugar en la madrugada de este domingo. Marina Calabr\u00f3\u00a0sufri\u00f3 un intento de robo.\u00a0La periodista se mostr\u00f3 angustiada y cont\u00f3 c\u00f3mo fue&hellip; <\/p>\n","protected":false},"author":6,"featured_media":133385,"comment_status":"closed","ping_status":"open","sticky":false,"template":"","format":"standard","meta":{"footnotes":""},"categories":[19],"tags":[],"class_list":["post-133380","post","type-post","status-publish","format-standard","has-post-thumbnail","hentry","category-espectaculos"],"_links":{"self":[{"href":"https:\/\/corrientesdetarde.com\/index.php\/wp-json\/wp\/v2\/posts\/133380","targetHints":{"allow":["GET"]}}],"collection":[{"href":"https:\/\/corrientesdetarde.com\/index.php\/wp-json\/wp\/v2\/posts"}],"about":[{"href":"https:\/\/corrientesdetarde.com\/index.php\/wp-json\/wp\/v2\/types\/post"}],"author":[{"embeddable":true,"href":"https:\/\/corrientesdetarde.com\/index.php\/wp-json\/wp\/v2\/users\/6"}],"replies":[{"embeddable":true,"href":"https:\/\/corrientesdetarde.com\/index.php\/wp-json\/wp\/v2\/comments?post=133380"}],"version-history":[{"count":1,"href":"https:\/\/corrientesdetarde.com\/index.php\/wp-json\/wp\/v2\/posts\/133380\/revisions"}],"predecessor-version":[{"id":133386,"href":"https:\/\/corrientesdetarde.com\/index.php\/wp-json\/wp\/v2\/posts\/133380\/revisions\/133386"}],"wp:featuredmedia":[{"embeddable":true,"href":"https:\/\/corrientesdetarde.com\/index.php\/wp-json\/wp\/v2\/media\/133385"}],"wp:attachment":[{"href":"https:\/\/corrientesdetarde.com\/index.php\/wp-json\/wp\/v2\/media?parent=133380"}],"wp:term":[{"taxonomy":"category","embeddable":true,"href":"https:\/\/corrientesdetarde.com\/index.php\/wp-json\/wp\/v2\/categories?post=133380"},{"taxonomy":"post_tag","embeddable":true,"href":"https:\/\/corrientesdetarde.com\/index.php\/wp-json\/wp\/v2\/tags?post=133380"}],"curies":[{"name":"wp","href":"https:\/\/api.w.org\/{rel}","templated":true}]}}