{"id":133381,"date":"2024-03-17T20:54:49","date_gmt":"2024-03-17T23:54:49","guid":{"rendered":"https:\/\/corrientesdetarde.com\/?p=133381"},"modified":"2024-03-17T20:54:53","modified_gmt":"2024-03-17T23:54:53","slug":"valdes-entregara-moviles-policiales-al-ministerio-de-seguridad","status":"publish","type":"post","link":"https:\/\/corrientesdetarde.com\/index.php\/policiales\/valdes-entregara-moviles-policiales-al-ministerio-de-seguridad\/","title":{"rendered":"Vald\u00e9s entregar\u00e1 m\u00f3viles policiales al ministerio de Seguridad."},"content":{"rendered":"\n<h2 class=\"wp-block-heading\">El gobernador correntino llevar\u00e1 a cabo un acto de entrega de veh\u00edculos policiales durante la ma\u00f1ana de este pr\u00f3ximo lunes. El mismo se realizar\u00e1 en la costanera Sur de la capital correntina.<\/h2>\n\n\n\n<p><strong>Gustavo Vald\u00e9s encabezar\u00e1 este 18 de marzo una nueva entrega de veh\u00edculos que se sumar\u00e1n\u00a0a la flota de la Polic\u00eda de Corrientes<\/strong>\u00a0a trav\u00e9s de la cartera de Seguridad, sobre Costanera Sur, desde las 10.<\/p>\n\n\n\n<p>Cabe recordar que el mandatario ya hab\u00eda anunciado una\u00a0fuerte inversi\u00f3n para el \u00e1rea,\u00a0en funci\u00f3n de mejorar su transitabilidad, el pasado jueves, durante la inauguraci\u00f3n de un nuevo destacamento de la PRIAR, en la localidad de Ca\u00e1 Cat\u00ed.<\/p>\n","protected":false},"excerpt":{"rendered":"<p>El gobernador correntino llevar\u00e1 a cabo un acto de entrega de veh\u00edculos policiales durante la ma\u00f1ana de este pr\u00f3ximo lunes. El mismo se realizar\u00e1 en la costanera Sur de la&hellip; <\/p>\n","protected":false},"author":6,"featured_media":133383,"comment_status":"closed","ping_status":"open","sticky":false,"template":"","format":"standard","meta":{"footnotes":""},"categories":[33],"tags":[],"class_list":["post-133381","post","type-post","status-publish","format-standard","has-post-thumbnail","hentry","category-policiales"],"_links":{"self":[{"href":"https:\/\/corrientesdetarde.com\/index.php\/wp-json\/wp\/v2\/posts\/133381","targetHints":{"allow":["GET"]}}],"collection":[{"href":"https:\/\/corrientesdetarde.com\/index.php\/wp-json\/wp\/v2\/posts"}],"about":[{"href":"https:\/\/corrientesdetarde.com\/index.php\/wp-json\/wp\/v2\/types\/post"}],"author":[{"embeddable":true,"href":"https:\/\/corrientesdetarde.com\/index.php\/wp-json\/wp\/v2\/users\/6"}],"replies":[{"embeddable":true,"href":"https:\/\/corrientesdetarde.com\/index.php\/wp-json\/wp\/v2\/comments?post=133381"}],"version-history":[{"count":1,"href":"https:\/\/corrientesdetarde.com\/index.php\/wp-json\/wp\/v2\/posts\/133381\/revisions"}],"predecessor-version":[{"id":133384,"href":"https:\/\/corrientesdetarde.com\/index.php\/wp-json\/wp\/v2\/posts\/133381\/revisions\/133384"}],"wp:featuredmedia":[{"embeddable":true,"href":"https:\/\/corrientesdetarde.com\/index.php\/wp-json\/wp\/v2\/media\/133383"}],"wp:attachment":[{"href":"https:\/\/corrientesdetarde.com\/index.php\/wp-json\/wp\/v2\/media?parent=133381"}],"wp:term":[{"taxonomy":"category","embeddable":true,"href":"https:\/\/corrientesdetarde.com\/index.php\/wp-json\/wp\/v2\/categories?post=133381"},{"taxonomy":"post_tag","embeddable":true,"href":"https:\/\/corrientesdetarde.com\/index.php\/wp-json\/wp\/v2\/tags?post=133381"}],"curies":[{"name":"wp","href":"https:\/\/api.w.org\/{rel}","templated":true}]}}