{"id":133387,"date":"2024-03-17T21:04:17","date_gmt":"2024-03-18T00:04:17","guid":{"rendered":"https:\/\/corrientesdetarde.com\/?p=133387"},"modified":"2024-03-17T21:04:28","modified_gmt":"2024-03-18T00:04:28","slug":"marley-conto-que-operaron-a-su-hijo-mirko-por-un-problema-de-salud","status":"publish","type":"post","link":"https:\/\/corrientesdetarde.com\/index.php\/espectaculos\/marley-conto-que-operaron-a-su-hijo-mirko-por-un-problema-de-salud\/","title":{"rendered":"Marley cont\u00f3 que operaron a su hijo Mirko por un problema de salud."},"content":{"rendered":"\n<h2 class=\"wp-block-heading\">El conductor dio a conocer el cuadro que transit\u00f3 el nene en los \u00faltimos d\u00edas. Adem\u00e1s, explic\u00f3 c\u00f3mo avanza en su recuperaci\u00f3n.<\/h2>\n\n\n\n<p><strong>Marley\u00a0estuvo muy preocupado en los \u00faltimos d\u00edas por la salud de su hijo\u00a0Mirko<\/strong>. El nene hab\u00eda transitado la semana con varios dolores y eso llev\u00f3 a que los m\u00e9dicos tomaran la decisi\u00f3n de someterlo a m\u00e1s de una operaci\u00f3n.<\/p>\n\n\n\n<p>\u201c\u00a1Hoy fue un d\u00eda largu\u00edsimo y de muchos nervios! Vengo durmiendo mal hace d\u00edas por esto, pero todo sali\u00f3 muy bien\u201d, escribi\u00f3 el conductor de\u00a0<em>Por el Mundo (Telefe)\u00a0<\/em>en su cuenta de Instagram.<\/p>\n\n\n\n<p>Ese fue el puntapi\u00e9 para dar a conocer los problemas de salud que afectaron a Mirko. \u201cNo escuchaba bien porque ten\u00eda moco en los o\u00eddos y<strong>&nbsp;hab\u00eda que operar de adenoides y tambi\u00e9n de am\u00edgdalas<\/strong>\u201d, describi\u00f3 sobre los motivos que llevaron al chico de 6 a\u00f1os a pasar por el quir\u00f3fano.<\/p>\n\n\n\n<figure class=\"wp-block-image\"><img decoding=\"async\" src=\"https:\/\/tn.com.ar\/resizer\/26uhx5FBkeACO8glPJ016moj2KE=\/767x0\/smart\/filters:format(webp)\/cloudfront-us-east-1.images.arcpublishing.com\/artear\/POXNCC4LXJD5JMZBZRABBB2YQ4.PNG\" alt=\"El posteo que comparti\u00f3 Marley sobre la salud de su hijo Mirko. (Foto: Instagram \/ marley.ok)\"\/><figcaption class=\"wp-element-caption\">El posteo que comparti\u00f3 Marley sobre la salud de su hijo Mirko. (Foto: Instagram \/ marley.ok)<\/figcaption><\/figure>\n\n\n\n<p>Muy contento porque su hijo ya est\u00e9 recuper\u00e1ndose, Marley no dud\u00f3 en elogiarlo.&nbsp;<strong>\u201cFue muy valiente y ahora ya estamos de reposo en casa\u201d<\/strong>, indic\u00f3.<\/p>\n\n\n\n<p>El presentador aprovech\u00f3 la publicaci\u00f3n para agradecerles a todos los que se preocuparon por la salud de su hijo. \u201cMuchas gracias a la doctora DeMarchi, a todos los doctores, anestesistas y enfermeras y personal del Mater Dei, y a mi amiga la Doctora Cuesta que vino 7 am a hacer el aguante y ayudar con terapia de l\u00e1ser\u201d, expuso. Y a\u00f1adi\u00f3: \u201c\u00a1Gracias por tantos mensajes de cari\u00f1o que recibimos todo el d\u00eda!\u201d.<\/p>\n\n\n\n<p>\u201c<strong>\u00a1Mirko a full con helado, gelatina y ya est\u00e1 escuchando mejor!<\/strong>\u00a0\u00a1Y a todos sus amiguitos de la escuela que le mandaron mensajes de cari\u00f1o y recuperaci\u00f3n!\u201d, complet\u00f3 para dejar en claro que el nene ya se encuentra muy bien tras la intervenci\u00f3n.<\/p>\n\n\n\n<p><em>Fuente: Todo Noticias.<\/em><\/p>\n","protected":false},"excerpt":{"rendered":"<p>El conductor dio a conocer el cuadro que transit\u00f3 el nene en los \u00faltimos d\u00edas. Adem\u00e1s, explic\u00f3 c\u00f3mo avanza en su recuperaci\u00f3n. Marley\u00a0estuvo muy preocupado en los \u00faltimos d\u00edas por&hellip; <\/p>\n","protected":false},"author":6,"featured_media":133388,"comment_status":"closed","ping_status":"open","sticky":false,"template":"","format":"standard","meta":{"footnotes":""},"categories":[19],"tags":[],"class_list":["post-133387","post","type-post","status-publish","format-standard","has-post-thumbnail","hentry","category-espectaculos"],"_links":{"self":[{"href":"https:\/\/corrientesdetarde.com\/index.php\/wp-json\/wp\/v2\/posts\/133387","targetHints":{"allow":["GET"]}}],"collection":[{"href":"https:\/\/corrientesdetarde.com\/index.php\/wp-json\/wp\/v2\/posts"}],"about":[{"href":"https:\/\/corrientesdetarde.com\/index.php\/wp-json\/wp\/v2\/types\/post"}],"author":[{"embeddable":true,"href":"https:\/\/corrientesdetarde.com\/index.php\/wp-json\/wp\/v2\/users\/6"}],"replies":[{"embeddable":true,"href":"https:\/\/corrientesdetarde.com\/index.php\/wp-json\/wp\/v2\/comments?post=133387"}],"version-history":[{"count":1,"href":"https:\/\/corrientesdetarde.com\/index.php\/wp-json\/wp\/v2\/posts\/133387\/revisions"}],"predecessor-version":[{"id":133389,"href":"https:\/\/corrientesdetarde.com\/index.php\/wp-json\/wp\/v2\/posts\/133387\/revisions\/133389"}],"wp:featuredmedia":[{"embeddable":true,"href":"https:\/\/corrientesdetarde.com\/index.php\/wp-json\/wp\/v2\/media\/133388"}],"wp:attachment":[{"href":"https:\/\/corrientesdetarde.com\/index.php\/wp-json\/wp\/v2\/media?parent=133387"}],"wp:term":[{"taxonomy":"category","embeddable":true,"href":"https:\/\/corrientesdetarde.com\/index.php\/wp-json\/wp\/v2\/categories?post=133387"},{"taxonomy":"post_tag","embeddable":true,"href":"https:\/\/corrientesdetarde.com\/index.php\/wp-json\/wp\/v2\/tags?post=133387"}],"curies":[{"name":"wp","href":"https:\/\/api.w.org\/{rel}","templated":true}]}}