{"id":133411,"date":"2024-03-17T22:16:14","date_gmt":"2024-03-18T01:16:14","guid":{"rendered":"https:\/\/corrientesdetarde.com\/?p=133411"},"modified":"2024-03-17T22:16:18","modified_gmt":"2024-03-18T01:16:18","slug":"entre-rios-balearon-un-colectivo-y-asesinaron-a-uno-de-los-pasajeros","status":"publish","type":"post","link":"https:\/\/corrientesdetarde.com\/index.php\/policiales\/entre-rios-balearon-un-colectivo-y-asesinaron-a-uno-de-los-pasajeros\/","title":{"rendered":"Entre R\u00edos: balearon un colectivo y asesinaron a uno de los pasajeros."},"content":{"rendered":"\n<h2 class=\"wp-block-heading\">Ocurri\u00f3 sobre la Ruta Nacional 14, a la altura del kil\u00f3metro 327 aproximadamente. En el colectivo, que viajaba de Buenos Aires a Misiones, iban 61 personas. Tras escuchar el disparo, el conductor detuvo la marcha del veh\u00edculo.<\/h2>\n\n\n\n<p><strong>Un hombre que viajaba en un\u00a0colectivo\u00a0rumbo a Asunci\u00f3n,\u00a0Paraguay,\u00a0fue asesinado este s\u00e1bado tras ser impactado por una bala en la cabeza.<\/strong>\u00a0El crimen ocurri\u00f3 en\u00a0<strong>inmediaciones de la localidad entrerriana de\u00a0Chajar\u00ed,\u00a0sobre la\u00a0Ruta Nacional 14<\/strong>, a la altura del kil\u00f3metro 327. En el micro, que se dirig\u00eda de\u00a0Buenos Aires a Misiones y otras ciudades paraguayas, iban\u00a061 pasajeros\u00a0a bordo.<\/p>\n\n\n\n<p>Todo se dio a conocer despu\u00e9s de que ingresara un llamado, exactamente a las 22.40, que alertaba sobre lo sucedido a la&nbsp;Polic\u00eda de Entre R\u00edos, que r\u00e1pidamente se dirigi\u00f3 al lugar. Cuando los agentes llegaron, constataron que&nbsp;<strong>el \u00f3mnibus de la empresa&nbsp;Expreso R\u00edo Paran\u00e1&nbsp;se encontraba estacionado sobre la banquina<\/strong>.<\/p>\n\n\n\n<p>Adem\u00e1s, vieron que la v\u00edctima yac\u00eda \u201csin signos vitales\u201d en el asiento en que viajaba \u201cy&nbsp;<strong>presentaba una&nbsp;herida de arma de fuego de grueso calibre en el cr\u00e1neo\u201d<\/strong>, seg\u00fan indicaron fuentes oficiales. Asimismo, se\u00f1alaron que&nbsp;<strong>la bala habr\u00eda ingresado por \u201cla zona cervical media izquierda\u201d y habr\u00eda salido por la nariz<\/strong>.<\/p>\n\n\n\n<p>En este sentido, fuentes policiales afirmaron que&nbsp;<strong>la v\u00edctima \u201crecibi\u00f3 en forma&nbsp;infortuita&nbsp;un disparo de arma de fuego proveniente desde el exterior que ingres\u00f3 por la ventanilla&nbsp;correspondiente a su butaca, provoc\u00e1ndole la muerte\u201d<\/strong>.<\/p>\n\n\n\n<p>La v\u00edctima fue identificada como&nbsp;<strong>Bonifacio Mart\u00ednez,&nbsp;de 53 a\u00f1os<\/strong>. Era oriundo de Paraguay y viv\u00eda en el partido bonaerense de Moreno. En el momento en que ocurri\u00f3 el crimen,&nbsp;<strong>iba sentado en su butaca, en la planta baja del colectivo, justo en la l\u00ednea ubicada detr\u00e1s del conductor<\/strong>.<\/p>\n\n\n\n<p>En el colectivo iban dos choferes. H\u00e9ctor Rojas, de 57 a\u00f1os, era quien iba manejando cuando sucedi\u00f3 el tr\u00e1gico hecho. De acuerdo a su relato,&nbsp;<strong>despu\u00e9s de escuchar el ruido causado por la bala que ingres\u00f3 por la ventanilla, decidi\u00f3 detener la marcha<\/strong>&nbsp;de inmediato en el acceso a la ciudad de Chajar\u00ed, por la avenida Dr. Casillas, seg\u00fan la informaci\u00f3n aportada por fuentes oficiales.<\/p>\n\n\n\n<figure class=\"wp-block-image\"><a href=\"https:\/\/www.radiosudamericana.com\/notix\/multimedia\/imagenes\/fotos\/2024-03-17\/904816.png\"><img decoding=\"async\" src=\"https:\/\/www.radiosudamericana.com\/notix\/multimedia\/imagenes\/fotos\/2024-03-17\/904816.png_nota.png\" alt=\"\"\/><\/a><\/figure>\n\n\n\n<p>Tras lo ocurrido, los dos conductores del colectivo y otros seis pasajeros fueron llevados a la sede policial para ser entrevistados por las autoridades del caso. A su vez,&nbsp;la Direcci\u00f3n Criminal\u00edstica de la Polic\u00eda de Entre R\u00edos&nbsp;realiz\u00f3 un relevamiento fotogr\u00e1fico, bal\u00edstico y la planimetr\u00eda en el lugar. De esta forma, pudo concluir que&nbsp;<strong>el arma homicida era&nbsp;calibre 40<\/strong>.<\/p>\n\n\n\n<p>En la investigaci\u00f3n del caso intervienen el fiscal de turno, el Gabinete Criminal\u00edstico, la Divisi\u00f3n Homicidios, la Divisi\u00f3n Investigaciones y personal de Inteligencia Criminal. \u201cPor el momento se contin\u00faa con la investigaci\u00f3n a fin de&nbsp;identificar al o los autores del disparo\u201d, afirmaron las fuentes consultadas.<\/p>\n\n\n\n<p>De acuerdo a lo que sostienen fuentes de la fiscal\u00eda, se habr\u00eda tratado de un&nbsp;\u201cdisparo casual desde el exterior del colectivo\u201d. \u201cLo que descartan es amedrentamiento por intento de robo, es decir, como muchos casos que intentan que los colectivos se detengan para robarles. Adem\u00e1s, esa es una zona de bastante tr\u00e1nsito por las colectoras\u201d, indic\u00f3 otra fuente.<\/p>\n\n\n\n<p>Por su parte, la Justicia indic\u00f3 secuestrar el micro y orden\u00f3 realizar la autopsia.<\/p>\n\n\n\n<p><em>Fuente: Infobae.<\/em><\/p>\n","protected":false},"excerpt":{"rendered":"<p>Ocurri\u00f3 sobre la Ruta Nacional 14, a la altura del kil\u00f3metro 327 aproximadamente. En el colectivo, que viajaba de Buenos Aires a Misiones, iban 61 personas. Tras escuchar el disparo,&hellip; <\/p>\n","protected":false},"author":6,"featured_media":133412,"comment_status":"closed","ping_status":"open","sticky":false,"template":"","format":"standard","meta":{"footnotes":""},"categories":[33],"tags":[],"class_list":["post-133411","post","type-post","status-publish","format-standard","has-post-thumbnail","hentry","category-policiales"],"_links":{"self":[{"href":"https:\/\/corrientesdetarde.com\/index.php\/wp-json\/wp\/v2\/posts\/133411","targetHints":{"allow":["GET"]}}],"collection":[{"href":"https:\/\/corrientesdetarde.com\/index.php\/wp-json\/wp\/v2\/posts"}],"about":[{"href":"https:\/\/corrientesdetarde.com\/index.php\/wp-json\/wp\/v2\/types\/post"}],"author":[{"embeddable":true,"href":"https:\/\/corrientesdetarde.com\/index.php\/wp-json\/wp\/v2\/users\/6"}],"replies":[{"embeddable":true,"href":"https:\/\/corrientesdetarde.com\/index.php\/wp-json\/wp\/v2\/comments?post=133411"}],"version-history":[{"count":1,"href":"https:\/\/corrientesdetarde.com\/index.php\/wp-json\/wp\/v2\/posts\/133411\/revisions"}],"predecessor-version":[{"id":133413,"href":"https:\/\/corrientesdetarde.com\/index.php\/wp-json\/wp\/v2\/posts\/133411\/revisions\/133413"}],"wp:featuredmedia":[{"embeddable":true,"href":"https:\/\/corrientesdetarde.com\/index.php\/wp-json\/wp\/v2\/media\/133412"}],"wp:attachment":[{"href":"https:\/\/corrientesdetarde.com\/index.php\/wp-json\/wp\/v2\/media?parent=133411"}],"wp:term":[{"taxonomy":"category","embeddable":true,"href":"https:\/\/corrientesdetarde.com\/index.php\/wp-json\/wp\/v2\/categories?post=133411"},{"taxonomy":"post_tag","embeddable":true,"href":"https:\/\/corrientesdetarde.com\/index.php\/wp-json\/wp\/v2\/tags?post=133411"}],"curies":[{"name":"wp","href":"https:\/\/api.w.org\/{rel}","templated":true}]}}