{"id":133415,"date":"2024-03-17T22:27:08","date_gmt":"2024-03-18T01:27:08","guid":{"rendered":"https:\/\/corrientesdetarde.com\/?p=133415"},"modified":"2024-03-17T22:27:20","modified_gmt":"2024-03-18T01:27:20","slug":"sofia-pachano-fue-internada-en-un-hospital-de-japon","status":"publish","type":"post","link":"https:\/\/corrientesdetarde.com\/index.php\/espectaculos\/sofia-pachano-fue-internada-en-un-hospital-de-japon\/","title":{"rendered":"Sofia Pachano fue internada en un hospital de Jap\u00f3n."},"content":{"rendered":"\n<h2 class=\"wp-block-heading\">La actriz y bailarina que est\u00e1 junto a su madre Ana Sans, en un viaje que ven\u00edan planeando hace tiempo.<\/h2>\n\n\n\n<p>\u201cAlgo que com\u00ed me dio alergia y me despert\u00e9 con toda la cara hinchada, estoy mejor pero a\u00fan sigo siendo medio Bridget Jones\u201d escribi\u00f3 en una de las historias. Si bien ella lo tom\u00f3 con bastante humor, debi\u00f3 ser internada para que pudieran bajarle la hinchaz\u00f3n de la cara y el malestar que ten\u00eda en el cuerpo.<\/p>\n\n\n\n<p>Teleshow se comunic\u00f3 con Sof\u00eda y dio algunas precisiones sobre su estado de salud: \u201cNunca fui al\u00e9rgica a nada, hasta ahora, no s\u00e9 qu\u00e9 pude haber comido que me provoc\u00f3 la reacci\u00f3n, no tengo idea. Me atendieron muy bien. Me medicaron con corticoides y antihistam\u00ednicos, por suerte ya estoy bien, y ya con mam\u00e1 nos vamos a Hiroshima\u201d.<\/p>\n\n\n\n<p>Despu\u00e9s de haber terminado las funciones en\u00a0<strong>Mar del Plata<\/strong>\u00a0de\u00a0<strong>Kinky Boots<\/strong>,\u00a0<strong>Sof\u00eda Pachano<\/strong>\u00a0termin\u00f3 de ultimar los detalles de su viaje a\u00a0<strong>Jap\u00f3n<\/strong>\u00a0junto a su madre\u00a0<strong>Ana<\/strong>. Un viaje muy esperado y so\u00f1ado por las dos. Cada recorrido que emprende lo sube a sus redes, y hace muy pocas horas que viene relatando la experiencia de pasear por ese pa\u00eds.<\/p>\n\n\n\n<p>La actriz estudi\u00f3 y se convirti\u00f3 en chef, por eso en cada ciudad nueva que conoce, recorre cada calle, cada uno de los mercados y restaurantes para probar de todo, y de esa manera, tambi\u00e9n mostrarle a sus seguidores que productos se venden y cu\u00e1les son los platos t\u00edpicos de cada destino.<\/p>\n\n\n\n<p>Pachano agradeci\u00f3 a todos los que la ayudaron para que pueda ser atendida en un Hospital de Tokio, y tambi\u00e9n le dio las gracias a algunos m\u00e9dicos que a la distancia consult\u00f3, ante la emergencia. Como buena<em>&nbsp;influencer<\/em>&nbsp;dej\u00f3 un posteo para tengan en cuenta todos los que viajan, con algunas sugerencias y consejitos.<\/p>\n\n\n\n<p><img loading=\"lazy\" decoding=\"async\" alt=\"Sofia Pachano, en Jap\u00f3n\" height=\"1920\" width=\"1080\" src=\"https:\/\/www.infobae.com\/new-resizer\/Es4LLHhFQ3tVKFMx0VdYooieB8o=\/420x747\/filters:format(webp):quality(85)\/cloudfront-us-east-1.images.arcpublishing.com\/infobae\/CBX5WJDR4BEQNGOZOUEJIP6W74.jpg%20420w\" srcset=\"https:\/\/www.infobae.com\/new-resizer\/Es4LLHhFQ3tVKFMx0VdYooieB8o=\/420x747\/filters:format(webp):quality(85)\/cloudfront-us-east-1.images.arcpublishing.com\/infobae\/CBX5WJDR4BEQNGOZOUEJIP6W74.jpg 420w,https:\/\/www.infobae.com\/new-resizer\/yuF3DXdc_Kc_44Dh_Ydzh6Cpkxk=\/768x1365\/filters:format(webp):quality(85)\/cloudfront-us-east-1.images.arcpublishing.com\/infobae\/CBX5WJDR4BEQNGOZOUEJIP6W74.jpg 768w,https:\/\/www.infobae.com\/new-resizer\/pJsYhlg7i3grGMK77feOaKksu80=\/992x1764\/filters:format(webp):quality(85)\/cloudfront-us-east-1.images.arcpublishing.com\/infobae\/CBX5WJDR4BEQNGOZOUEJIP6W74.jpg 992w,https:\/\/www.infobae.com\/new-resizer\/S2Zrq4-Q70WqUUzILOSDJkhrniE=\/1200x2133\/filters:format(webp):quality(85)\/cloudfront-us-east-1.images.arcpublishing.com\/infobae\/CBX5WJDR4BEQNGOZOUEJIP6W74.jpg 1200w\">Sofia Pachano, en Jap\u00f3n<\/p>\n\n\n\n<p>Por supuesto que ante la repercusi\u00f3n que tuvo por lo que cont\u00f3 en sus redes, quiso llevar un poco de calma y en una foto de la madrugada de Tokio, escribi\u00f3: Todo lo de la alergia fue le s\u00e1bado! Para que entiendan yo estoy en el FUTURO,12 hs adelantada. Es Lunes 7am ac\u00e1, as\u00ed que estoy bien, si estuviera mal no estar\u00eda subi\u00e9ndolo a las redes jajaja. \u00d3sea soy un OGT, nom\u00e1s pero estoy viva, y cierra con dos caritas ri\u00e9ndose.<\/p>\n\n\n\n<p><img loading=\"lazy\" decoding=\"async\" alt=\"Sofia Pachano en Jap\u00f3n\" height=\"2080\" width=\"1170\" src=\"https:\/\/www.infobae.com\/new-resizer\/VCA9FzrSMoJ1IpkodRsNjIbaH28=\/420x747\/filters:format(webp):quality(85)\/cloudfront-us-east-1.images.arcpublishing.com\/infobae\/QALIN3MMOBHQ7P2I2A4OVDK6G4.jpg%20420w\" srcset=\"https:\/\/www.infobae.com\/new-resizer\/VCA9FzrSMoJ1IpkodRsNjIbaH28=\/420x747\/filters:format(webp):quality(85)\/cloudfront-us-east-1.images.arcpublishing.com\/infobae\/QALIN3MMOBHQ7P2I2A4OVDK6G4.jpg 420w,https:\/\/www.infobae.com\/new-resizer\/EE_3IPr-3JEe0ZZvphLtfpao3a4=\/768x1365\/filters:format(webp):quality(85)\/cloudfront-us-east-1.images.arcpublishing.com\/infobae\/QALIN3MMOBHQ7P2I2A4OVDK6G4.jpg 768w,https:\/\/www.infobae.com\/new-resizer\/op7nDsUnRrg-hvfZDhCZ_SJpdSw=\/992x1764\/filters:format(webp):quality(85)\/cloudfront-us-east-1.images.arcpublishing.com\/infobae\/QALIN3MMOBHQ7P2I2A4OVDK6G4.jpg 992w,https:\/\/www.infobae.com\/new-resizer\/ED8F-_Ul2HOkEJXY192CSQ59I90=\/1200x2133\/filters:format(webp):quality(85)\/cloudfront-us-east-1.images.arcpublishing.com\/infobae\/QALIN3MMOBHQ7P2I2A4OVDK6G4.jpg 1200w\">Sofia Pachano en Jap\u00f3n<\/p>\n","protected":false},"excerpt":{"rendered":"<p>La actriz y bailarina que est\u00e1 junto a su madre Ana Sans, en un viaje que ven\u00edan planeando hace tiempo. \u201cAlgo que com\u00ed me dio alergia y me despert\u00e9 con&hellip; <\/p>\n","protected":false},"author":6,"featured_media":133418,"comment_status":"closed","ping_status":"open","sticky":false,"template":"","format":"standard","meta":{"footnotes":""},"categories":[19],"tags":[],"class_list":["post-133415","post","type-post","status-publish","format-standard","has-post-thumbnail","hentry","category-espectaculos"],"_links":{"self":[{"href":"https:\/\/corrientesdetarde.com\/index.php\/wp-json\/wp\/v2\/posts\/133415","targetHints":{"allow":["GET"]}}],"collection":[{"href":"https:\/\/corrientesdetarde.com\/index.php\/wp-json\/wp\/v2\/posts"}],"about":[{"href":"https:\/\/corrientesdetarde.com\/index.php\/wp-json\/wp\/v2\/types\/post"}],"author":[{"embeddable":true,"href":"https:\/\/corrientesdetarde.com\/index.php\/wp-json\/wp\/v2\/users\/6"}],"replies":[{"embeddable":true,"href":"https:\/\/corrientesdetarde.com\/index.php\/wp-json\/wp\/v2\/comments?post=133415"}],"version-history":[{"count":1,"href":"https:\/\/corrientesdetarde.com\/index.php\/wp-json\/wp\/v2\/posts\/133415\/revisions"}],"predecessor-version":[{"id":133419,"href":"https:\/\/corrientesdetarde.com\/index.php\/wp-json\/wp\/v2\/posts\/133415\/revisions\/133419"}],"wp:featuredmedia":[{"embeddable":true,"href":"https:\/\/corrientesdetarde.com\/index.php\/wp-json\/wp\/v2\/media\/133418"}],"wp:attachment":[{"href":"https:\/\/corrientesdetarde.com\/index.php\/wp-json\/wp\/v2\/media?parent=133415"}],"wp:term":[{"taxonomy":"category","embeddable":true,"href":"https:\/\/corrientesdetarde.com\/index.php\/wp-json\/wp\/v2\/categories?post=133415"},{"taxonomy":"post_tag","embeddable":true,"href":"https:\/\/corrientesdetarde.com\/index.php\/wp-json\/wp\/v2\/tags?post=133415"}],"curies":[{"name":"wp","href":"https:\/\/api.w.org\/{rel}","templated":true}]}}