{"id":133422,"date":"2024-03-17T22:32:01","date_gmt":"2024-03-18T01:32:01","guid":{"rendered":"https:\/\/corrientesdetarde.com\/?p=133422"},"modified":"2024-03-17T22:32:13","modified_gmt":"2024-03-18T01:32:13","slug":"javier-milei-viaja-a-miami-para-recibir-una-distincion-de-la-comunidad-judia","status":"publish","type":"post","link":"https:\/\/corrientesdetarde.com\/index.php\/politica\/javier-milei-viaja-a-miami-para-recibir-una-distincion-de-la-comunidad-judia\/","title":{"rendered":"Javier Milei viaja a Miami para recibir una distinci\u00f3n de la comunidad jud\u00eda."},"content":{"rendered":"\n<h2 class=\"wp-block-heading\">De esta manera, el presidente -junto a su hermana Karina Milei- ser\u00e1n reconocidos como &#8220;embajadores internacionales de la luz&#8221;.<\/h2>\n\n\n\n<p>En las \u00faltimas horas, trascendi\u00f3 que el presidente Javier Milei viajar\u00e1 en abril a la ciudad de Miami, Estados Unidos, donde ser\u00e1 recibido por la comunidad jud\u00eda con un gesto especial. Cabe destacar que este viaje no lo har\u00e1 solo: su hermana Karina se trasladar\u00e1 junto al primer mandatario y tambi\u00e9n ser\u00e1 considerada en el reconocimiento que los se\u00f1ala como &#8220;embajadores internacionales de la luz&#8221;.<br>La condecoraci\u00f3n se llevar\u00e1 a cabo el pr\u00f3ximo 10 de abril, durante una cena organizada por el movimiento jud\u00edo Jabad Lubavitch, que se muestra agradecido al jefe de Estado argentino por &#8220;sus incansables esfuerzos por Israel y la comunidad global&#8221;.<\/p>\n\n\n\n<p>Adem\u00e1s, el momento estar\u00e1 marcado por la inauguraci\u00f3n del Centro Menachem Mendel Schneerson, quien fue un rabino de la Jabad Lubavitch muy influyente a nivel global en el siglo pasado.<\/p>\n\n\n\n<p>La invitaci\u00f3n que lleg\u00f3 a manos de Milei se\u00f1ala: &#8220;Honrando su inquebrantable dedicaci\u00f3n a difundir la libertad, la esperanza y la positividad frente a la oscuridad. Sus incansables esfuerzos por Israel y la comunidad global han sido un faro brillante que ha inspirado un mundo m\u00e1s luminoso y compasivo&#8221;.<\/p>\n\n\n\n<p>Por supuesto, el presidente aprovechar\u00e1 el viaje para reunirse con empresarios de los Estados Unidos y Am\u00e9rica Latina que apoyan su programa econ\u00f3mico y tienen intenciones de invertir en la Argentina, especialmente en las \u00e1reas de energ\u00eda y miner\u00eda.<\/p>\n\n\n\n<p>Si bien se reconoce cat\u00f3lico, el presidente ha se\u00f1alado en m\u00e1s de una oportunidad que es muy cercano al juda\u00edsmo, al punto que ha pensado en convertirse a esa fe. Cabe destacar que la cuesti\u00f3n religiosa est\u00e1 ligada, tambi\u00e9n, a las estrechas relaciones bilaterales que Milei mantiene con Israel, pa\u00eds al que visit\u00f3 en febrero pasado.<\/p>\n\n\n\n<p>De hecho, el reconocimiento que recibir\u00e1 en abril pr\u00f3ximo es una clara muestra de apoyo por parte de la comunidad jud\u00eda a sus ideas de la libertad y su apoyo al derecho de Israel de exterminar a Hamas por los actos terroristas cometidos durante el 7 de octubre de 2023.<\/p>\n\n\n\n<p>Al momento, se desconoce si el mandatario se reunir\u00e1 con Donald Trump.<\/p>\n","protected":false},"excerpt":{"rendered":"<p>De esta manera, el presidente -junto a su hermana Karina Milei- ser\u00e1n reconocidos como &#8220;embajadores internacionales de la luz&#8221;. En las \u00faltimas horas, trascendi\u00f3 que el presidente Javier Milei viajar\u00e1&hellip; <\/p>\n","protected":false},"author":6,"featured_media":133424,"comment_status":"closed","ping_status":"open","sticky":false,"template":"","format":"standard","meta":{"footnotes":""},"categories":[3],"tags":[],"class_list":["post-133422","post","type-post","status-publish","format-standard","has-post-thumbnail","hentry","category-politica"],"_links":{"self":[{"href":"https:\/\/corrientesdetarde.com\/index.php\/wp-json\/wp\/v2\/posts\/133422","targetHints":{"allow":["GET"]}}],"collection":[{"href":"https:\/\/corrientesdetarde.com\/index.php\/wp-json\/wp\/v2\/posts"}],"about":[{"href":"https:\/\/corrientesdetarde.com\/index.php\/wp-json\/wp\/v2\/types\/post"}],"author":[{"embeddable":true,"href":"https:\/\/corrientesdetarde.com\/index.php\/wp-json\/wp\/v2\/users\/6"}],"replies":[{"embeddable":true,"href":"https:\/\/corrientesdetarde.com\/index.php\/wp-json\/wp\/v2\/comments?post=133422"}],"version-history":[{"count":1,"href":"https:\/\/corrientesdetarde.com\/index.php\/wp-json\/wp\/v2\/posts\/133422\/revisions"}],"predecessor-version":[{"id":133425,"href":"https:\/\/corrientesdetarde.com\/index.php\/wp-json\/wp\/v2\/posts\/133422\/revisions\/133425"}],"wp:featuredmedia":[{"embeddable":true,"href":"https:\/\/corrientesdetarde.com\/index.php\/wp-json\/wp\/v2\/media\/133424"}],"wp:attachment":[{"href":"https:\/\/corrientesdetarde.com\/index.php\/wp-json\/wp\/v2\/media?parent=133422"}],"wp:term":[{"taxonomy":"category","embeddable":true,"href":"https:\/\/corrientesdetarde.com\/index.php\/wp-json\/wp\/v2\/categories?post=133422"},{"taxonomy":"post_tag","embeddable":true,"href":"https:\/\/corrientesdetarde.com\/index.php\/wp-json\/wp\/v2\/tags?post=133422"}],"curies":[{"name":"wp","href":"https:\/\/api.w.org\/{rel}","templated":true}]}}